{"id":5525,"date":"2015-11-17T12:18:20","date_gmt":"2015-11-17T11:18:20","guid":{"rendered":"http:\/\/cd06ffme.fr\/WordPress3\/?p=5525"},"modified":"2021-01-15T14:55:15","modified_gmt":"2021-01-15T13:55:15","slug":"echappe-blanche-2015","status":"publish","type":"post","link":"http:\/\/cd06ffme.fr\/WordPress3\/echappe-blanche-2015\/","title":{"rendered":"Echapp\u00e9e blanche 2016"},"content":{"rendered":"<table>\n<tbody>\n<tr>\n<td colspan=\"4\">6\u00a0F\u00e9vrier 2016<\/td>\n<\/tr>\n<tr>\n<td><img data-attachment-id=\"2276\" data-permalink=\"http:\/\/cd06ffme.fr\/WordPress3\/3eme-ehappee-blanche\/logocd_h_s\/\" data-orig-file=\"https:\/\/i0.wp.com\/cd06ffme.fr\/WordPress3\/wp-content\/uploads\/2015\/02\/logoCd_H_S.jpg?fit=369%2C144\" data-orig-size=\"369,144\" data-comments-opened=\"0\" data-image-meta=\"{&quot;aperture&quot;:&quot;0&quot;,&quot;credit&quot;:&quot;&quot;,&quot;camera&quot;:&quot;&quot;,&quot;caption&quot;:&quot;&quot;,&quot;created_timestamp&quot;:&quot;0&quot;,&quot;copyright&quot;:&quot;&quot;,&quot;focal_length&quot;:&quot;0&quot;,&quot;iso&quot;:&quot;0&quot;,&quot;shutter_speed&quot;:&quot;0&quot;,&quot;title&quot;:&quot;&quot;,&quot;orientation&quot;:&quot;0&quot;}\" data-image-title=\"logoCd_H_S\" data-image-description=\"\" data-image-caption=\"\" data-medium-file=\"https:\/\/i0.wp.com\/cd06ffme.fr\/WordPress3\/wp-content\/uploads\/2015\/02\/logoCd_H_S.jpg?fit=300%2C117\" data-large-file=\"https:\/\/i0.wp.com\/cd06ffme.fr\/WordPress3\/wp-content\/uploads\/2015\/02\/logoCd_H_S.jpg?fit=369%2C144\" decoding=\"async\" loading=\"lazy\" class=\"alignnone wp-image-2276\" src=\"https:\/\/i0.wp.com\/cd06ffme.fr\/WordPress3\/wp-content\/uploads\/2015\/02\/logoCd_H_S.jpg?resize=200%2C78\" alt=\"logoCd_H_S\" width=\"200\" height=\"78\" srcset=\"https:\/\/i0.wp.com\/cd06ffme.fr\/WordPress3\/wp-content\/uploads\/2015\/02\/logoCd_H_S.jpg?w=369 369w, https:\/\/i0.wp.com\/cd06ffme.fr\/WordPress3\/wp-content\/uploads\/2015\/02\/logoCd_H_S.jpg?resize=300%2C117 300w\" sizes=\"(max-width: 200px) 100vw, 200px\" data-recalc-dims=\"1\" \/><\/td>\n<td><a href=\"https:\/\/www.departement06.fr\/\"><img data-attachment-id=\"2379\" data-permalink=\"http:\/\/cd06ffme.fr\/WordPress3\/?attachment_id=2379\" data-orig-file=\"https:\/\/i0.wp.com\/cd06ffme.fr\/WordPress3\/wp-content\/uploads\/2013\/06\/departement06-logoinstit-Q-N.jpg?fit=1220%2C219\" data-orig-size=\"1220,219\" data-comments-opened=\"0\" data-image-meta=\"{&quot;aperture&quot;:&quot;0&quot;,&quot;credit&quot;:&quot;&quot;,&quot;camera&quot;:&quot;&quot;,&quot;caption&quot;:&quot;&quot;,&quot;created_timestamp&quot;:&quot;0&quot;,&quot;copyright&quot;:&quot;&quot;,&quot;focal_length&quot;:&quot;0&quot;,&quot;iso&quot;:&quot;0&quot;,&quot;shutter_speed&quot;:&quot;0&quot;,&quot;title&quot;:&quot;&quot;,&quot;orientation&quot;:&quot;0&quot;}\" data-image-title=\"departement06-logoinstit-Q-N\" data-image-description=\"\" data-image-caption=\"\" data-medium-file=\"https:\/\/i0.wp.com\/cd06ffme.fr\/WordPress3\/wp-content\/uploads\/2013\/06\/departement06-logoinstit-Q-N.jpg?fit=300%2C54\" data-large-file=\"https:\/\/i0.wp.com\/cd06ffme.fr\/WordPress3\/wp-content\/uploads\/2013\/06\/departement06-logoinstit-Q-N.jpg?fit=580%2C104\" decoding=\"async\" loading=\"lazy\" class=\"alignnone wp-image-2379\" src=\"https:\/\/i0.wp.com\/cd06ffme.fr\/WordPress3\/wp-content\/uploads\/2013\/06\/departement06-logoinstit-Q-N.jpg?resize=306%2C55\" alt=\"departement06-logoinstit-Q-N\" width=\"306\" height=\"55\" srcset=\"https:\/\/i0.wp.com\/cd06ffme.fr\/WordPress3\/wp-content\/uploads\/2013\/06\/departement06-logoinstit-Q-N.jpg?resize=1024%2C184 1024w, https:\/\/i0.wp.com\/cd06ffme.fr\/WordPress3\/wp-content\/uploads\/2013\/06\/departement06-logoinstit-Q-N.jpg?resize=300%2C54 300w, https:\/\/i0.wp.com\/cd06ffme.fr\/WordPress3\/wp-content\/uploads\/2013\/06\/departement06-logoinstit-Q-N.jpg?w=1220 1220w, https:\/\/i0.wp.com\/cd06ffme.fr\/WordPress3\/wp-content\/uploads\/2013\/06\/departement06-logoinstit-Q-N.jpg?w=1160 1160w\" sizes=\"(max-width: 306px) 100vw, 306px\" data-recalc-dims=\"1\" \/><\/a><\/td>\n<td><a href=\"http:\/\/www.alpha-loup.com\/\"><img data-attachment-id=\"1234\" data-permalink=\"http:\/\/cd06ffme.fr\/WordPress3\/?attachment_id=1234\" data-orig-file=\"https:\/\/i0.wp.com\/cd06ffme.fr\/WordPress3\/wp-content\/uploads\/2013\/04\/xfs_250x300_s100_Alpha_Loup-0.jpg?fit=250%2C127\" data-orig-size=\"250,127\" data-comments-opened=\"0\" data-image-meta=\"{&quot;aperture&quot;:&quot;0&quot;,&quot;credit&quot;:&quot;&quot;,&quot;camera&quot;:&quot;&quot;,&quot;caption&quot;:&quot;&quot;,&quot;created_timestamp&quot;:&quot;0&quot;,&quot;copyright&quot;:&quot;&quot;,&quot;focal_length&quot;:&quot;0&quot;,&quot;iso&quot;:&quot;0&quot;,&quot;shutter_speed&quot;:&quot;0&quot;,&quot;title&quot;:&quot;&quot;}\" data-image-title=\"xfs_250x300_s100_Alpha_Loup-0\" data-image-description=\"\" data-image-caption=\"\" data-medium-file=\"https:\/\/i0.wp.com\/cd06ffme.fr\/WordPress3\/wp-content\/uploads\/2013\/04\/xfs_250x300_s100_Alpha_Loup-0.jpg?fit=250%2C127\" data-large-file=\"https:\/\/i0.wp.com\/cd06ffme.fr\/WordPress3\/wp-content\/uploads\/2013\/04\/xfs_250x300_s100_Alpha_Loup-0.jpg?fit=250%2C127\" decoding=\"async\" loading=\"lazy\" class=\"alignnone wp-image-1234\" src=\"https:\/\/i0.wp.com\/cd06ffme.fr\/WordPress3\/wp-content\/uploads\/2013\/04\/xfs_250x300_s100_Alpha_Loup-0.jpg?resize=200%2C102\" alt=\"xfs_250x300_s100_Alpha_Loup-0\" width=\"200\" height=\"102\" data-recalc-dims=\"1\" \/><\/a><\/td>\n<td><img data-attachment-id=\"1588\" data-permalink=\"http:\/\/cd06ffme.fr\/WordPress3\/2eme-e-b-1ere-vertical-race-inscriptions-renseignements\/logo-compagnie-des-guides\/\" data-orig-file=\"https:\/\/i0.wp.com\/cd06ffme.fr\/WordPress3\/wp-content\/uploads\/2013\/12\/logo-compagnie-des-guides-e1452615719613.jpeg?fit=360%2C470\" data-orig-size=\"360,470\" data-comments-opened=\"0\" data-image-meta=\"{&quot;aperture&quot;:&quot;0&quot;,&quot;credit&quot;:&quot;&quot;,&quot;camera&quot;:&quot;&quot;,&quot;caption&quot;:&quot;&quot;,&quot;created_timestamp&quot;:&quot;0&quot;,&quot;copyright&quot;:&quot;&quot;,&quot;focal_length&quot;:&quot;0&quot;,&quot;iso&quot;:&quot;0&quot;,&quot;shutter_speed&quot;:&quot;0&quot;,&quot;title&quot;:&quot;&quot;}\" data-image-title=\"logo compagnie des guides\" data-image-description=\"\" data-image-caption=\"\" data-medium-file=\"https:\/\/i0.wp.com\/cd06ffme.fr\/WordPress3\/wp-content\/uploads\/2013\/12\/logo-compagnie-des-guides-e1452615719613.jpeg?fit=230%2C300\" data-large-file=\"https:\/\/i0.wp.com\/cd06ffme.fr\/WordPress3\/wp-content\/uploads\/2013\/12\/logo-compagnie-des-guides-e1452615719613.jpeg?fit=360%2C470\" decoding=\"async\" loading=\"lazy\" class=\"alignnone wp-image-1588\" src=\"https:\/\/i0.wp.com\/cd06ffme.fr\/WordPress3\/wp-content\/uploads\/2013\/12\/logo-compagnie-des-guides.jpeg?resize=61%2C80\" alt=\"logo compagnie des guides\" width=\"61\" height=\"80\" data-recalc-dims=\"1\" \/><\/td>\n<\/tr>\n<tr>\n<td>\u00a0<img data-attachment-id=\"2717\" data-permalink=\"http:\/\/cd06ffme.fr\/WordPress3\/blason-smv-petit-2\/\" data-orig-file=\"https:\/\/i0.wp.com\/cd06ffme.fr\/WordPress3\/wp-content\/uploads\/2015\/11\/blason-SMV-petit.jpg?fit=567%2C570\" data-orig-size=\"567,570\" data-comments-opened=\"0\" data-image-meta=\"{&quot;aperture&quot;:&quot;2.8&quot;,&quot;credit&quot;:&quot;&quot;,&quot;camera&quot;:&quot;FinePix4700 ZOOM&quot;,&quot;caption&quot;:&quot;&quot;,&quot;created_timestamp&quot;:&quot;949109349&quot;,&quot;copyright&quot;:&quot;&quot;,&quot;focal_length&quot;:&quot;10.6&quot;,&quot;iso&quot;:&quot;200&quot;,&quot;shutter_speed&quot;:&quot;0&quot;,&quot;title&quot;:&quot;&quot;,&quot;orientation&quot;:&quot;1&quot;}\" data-image-title=\"blason SMV petit\" data-image-description=\"\" data-image-caption=\"\" data-medium-file=\"https:\/\/i0.wp.com\/cd06ffme.fr\/WordPress3\/wp-content\/uploads\/2015\/11\/blason-SMV-petit.jpg?fit=298%2C300\" data-large-file=\"https:\/\/i0.wp.com\/cd06ffme.fr\/WordPress3\/wp-content\/uploads\/2015\/11\/blason-SMV-petit.jpg?fit=567%2C570\" decoding=\"async\" loading=\"lazy\" class=\"alignnone wp-image-2717\" src=\"https:\/\/i0.wp.com\/cd06ffme.fr\/WordPress3\/wp-content\/uploads\/2015\/11\/blason-SMV-petit.jpg?resize=55%2C55\" alt=\"blason SMV petit\" width=\"55\" height=\"55\" srcset=\"https:\/\/i0.wp.com\/cd06ffme.fr\/WordPress3\/wp-content\/uploads\/2015\/11\/blason-SMV-petit.jpg?w=567 567w, https:\/\/i0.wp.com\/cd06ffme.fr\/WordPress3\/wp-content\/uploads\/2015\/11\/blason-SMV-petit.jpg?resize=30%2C30 30w, https:\/\/i0.wp.com\/cd06ffme.fr\/WordPress3\/wp-content\/uploads\/2015\/11\/blason-SMV-petit.jpg?resize=298%2C300 298w\" sizes=\"(max-width: 55px) 100vw, 55px\" data-recalc-dims=\"1\" \/><\/td>\n<td>\u00a0<img data-attachment-id=\"2277\" data-permalink=\"http:\/\/cd06ffme.fr\/WordPress3\/3eme-ehappee-blanche\/logosmix\/\" data-orig-file=\"https:\/\/i0.wp.com\/cd06ffme.fr\/WordPress3\/wp-content\/uploads\/2015\/02\/LogoSmix.jpg?fit=332%2C81\" data-orig-size=\"332,81\" data-comments-opened=\"0\" data-image-meta=\"{&quot;aperture&quot;:&quot;0&quot;,&quot;credit&quot;:&quot;&quot;,&quot;camera&quot;:&quot;&quot;,&quot;caption&quot;:&quot;&quot;,&quot;created_timestamp&quot;:&quot;0&quot;,&quot;copyright&quot;:&quot;&quot;,&quot;focal_length&quot;:&quot;0&quot;,&quot;iso&quot;:&quot;0&quot;,&quot;shutter_speed&quot;:&quot;0&quot;,&quot;title&quot;:&quot;&quot;,&quot;orientation&quot;:&quot;0&quot;}\" data-image-title=\"LogoSmix\" data-image-description=\"\" data-image-caption=\"\" data-medium-file=\"https:\/\/i0.wp.com\/cd06ffme.fr\/WordPress3\/wp-content\/uploads\/2015\/02\/LogoSmix.jpg?fit=300%2C73\" data-large-file=\"https:\/\/i0.wp.com\/cd06ffme.fr\/WordPress3\/wp-content\/uploads\/2015\/02\/LogoSmix.jpg?fit=332%2C81\" decoding=\"async\" loading=\"lazy\" class=\"alignnone wp-image-2277\" src=\"https:\/\/i0.wp.com\/cd06ffme.fr\/WordPress3\/wp-content\/uploads\/2015\/02\/LogoSmix.jpg?resize=225%2C55\" alt=\"LogoSmix\" width=\"225\" height=\"55\" srcset=\"https:\/\/i0.wp.com\/cd06ffme.fr\/WordPress3\/wp-content\/uploads\/2015\/02\/LogoSmix.jpg?w=332 332w, https:\/\/i0.wp.com\/cd06ffme.fr\/WordPress3\/wp-content\/uploads\/2015\/02\/LogoSmix.jpg?resize=300%2C73 300w\" sizes=\"(max-width: 225px) 100vw, 225px\" data-recalc-dims=\"1\" \/><\/td>\n<td><a href=\"http:\/\/amm06.free.fr\/annuaire.htm\"><img data-attachment-id=\"2830\" data-permalink=\"http:\/\/cd06ffme.fr\/WordPress3\/logo-termin%c2%8e-deuxieme-2\/\" data-orig-file=\"https:\/\/i0.wp.com\/cd06ffme.fr\/WordPress3\/wp-content\/uploads\/2015\/11\/LOGO-SNAM-06.jpg?fit=1006%2C651\" data-orig-size=\"1006,651\" data-comments-opened=\"0\" data-image-meta=\"{&quot;aperture&quot;:&quot;0&quot;,&quot;credit&quot;:&quot;&quot;,&quot;camera&quot;:&quot;&quot;,&quot;caption&quot;:&quot;&quot;,&quot;created_timestamp&quot;:&quot;0&quot;,&quot;copyright&quot;:&quot;&quot;,&quot;focal_length&quot;:&quot;0&quot;,&quot;iso&quot;:&quot;0&quot;,&quot;shutter_speed&quot;:&quot;0&quot;,&quot;title&quot;:&quot;logo termin\\u008e deuxieme&quot;,&quot;orientation&quot;:&quot;1&quot;}\" data-image-title=\"logo termin\u008e deuxieme\" data-image-description=\"\" data-image-caption=\"\" data-medium-file=\"https:\/\/i0.wp.com\/cd06ffme.fr\/WordPress3\/wp-content\/uploads\/2015\/11\/LOGO-SNAM-06.jpg?fit=300%2C194\" data-large-file=\"https:\/\/i0.wp.com\/cd06ffme.fr\/WordPress3\/wp-content\/uploads\/2015\/11\/LOGO-SNAM-06.jpg?fit=580%2C375\" decoding=\"async\" loading=\"lazy\" class=\"alignnone wp-image-2830\" src=\"https:\/\/i0.wp.com\/cd06ffme.fr\/WordPress3\/wp-content\/uploads\/2015\/11\/LOGO-SNAM-06.jpg?resize=85%2C55\" alt=\"logo termin\u008e deuxieme\" width=\"85\" height=\"55\" srcset=\"https:\/\/i0.wp.com\/cd06ffme.fr\/WordPress3\/wp-content\/uploads\/2015\/11\/LOGO-SNAM-06.jpg?w=1006 1006w, https:\/\/i0.wp.com\/cd06ffme.fr\/WordPress3\/wp-content\/uploads\/2015\/11\/LOGO-SNAM-06.jpg?resize=300%2C194 300w, https:\/\/i0.wp.com\/cd06ffme.fr\/WordPress3\/wp-content\/uploads\/2015\/11\/LOGO-SNAM-06.jpg?resize=768%2C497 768w\" sizes=\"(max-width: 85px) 100vw, 85px\" data-recalc-dims=\"1\" \/><\/a><\/td>\n<td><\/td>\n<\/tr>\n<tr>\n<td><img data-attachment-id=\"2719\" data-permalink=\"http:\/\/cd06ffme.fr\/WordPress3\/cdos_quadri_vierge\/\" data-orig-file=\"https:\/\/i0.wp.com\/cd06ffme.fr\/WordPress3\/wp-content\/uploads\/2015\/11\/CDOS_ALPES_MARITIMES_LOGO_QUADRI_EXE.jpg?fit=432%2C423\" data-orig-size=\"432,423\" data-comments-opened=\"0\" data-image-meta=\"{&quot;aperture&quot;:&quot;0&quot;,&quot;credit&quot;:&quot;&quot;,&quot;camera&quot;:&quot;&quot;,&quot;caption&quot;:&quot;&quot;,&quot;created_timestamp&quot;:&quot;0&quot;,&quot;copyright&quot;:&quot;&quot;,&quot;focal_length&quot;:&quot;0&quot;,&quot;iso&quot;:&quot;0&quot;,&quot;shutter_speed&quot;:&quot;0&quot;,&quot;title&quot;:&quot;CDOS_QUADRI_VIERGE&quot;,&quot;orientation&quot;:&quot;1&quot;}\" data-image-title=\"CDOS_QUADRI_VIERGE\" data-image-description=\"\" data-image-caption=\"\" data-medium-file=\"https:\/\/i0.wp.com\/cd06ffme.fr\/WordPress3\/wp-content\/uploads\/2015\/11\/CDOS_ALPES_MARITIMES_LOGO_QUADRI_EXE.jpg?fit=300%2C294\" data-large-file=\"https:\/\/i0.wp.com\/cd06ffme.fr\/WordPress3\/wp-content\/uploads\/2015\/11\/CDOS_ALPES_MARITIMES_LOGO_QUADRI_EXE.jpg?fit=432%2C423\" decoding=\"async\" loading=\"lazy\" class=\"alignnone wp-image-2719\" src=\"https:\/\/i0.wp.com\/cd06ffme.fr\/WordPress3\/wp-content\/uploads\/2015\/11\/CDOS_ALPES_MARITIMES_LOGO_QUADRI_EXE.jpg?resize=40%2C39\" alt=\"CDOS_QUADRI_VIERGE\" width=\"40\" height=\"39\" srcset=\"https:\/\/i0.wp.com\/cd06ffme.fr\/WordPress3\/wp-content\/uploads\/2015\/11\/CDOS_ALPES_MARITIMES_LOGO_QUADRI_EXE.jpg?w=432 432w, https:\/\/i0.wp.com\/cd06ffme.fr\/WordPress3\/wp-content\/uploads\/2015\/11\/CDOS_ALPES_MARITIMES_LOGO_QUADRI_EXE.jpg?resize=30%2C30 30w, https:\/\/i0.wp.com\/cd06ffme.fr\/WordPress3\/wp-content\/uploads\/2015\/11\/CDOS_ALPES_MARITIMES_LOGO_QUADRI_EXE.jpg?resize=300%2C294 300w\" sizes=\"(max-width: 40px) 100vw, 40px\" data-recalc-dims=\"1\" \/><\/td>\n<td><img data-attachment-id=\"2569\" data-permalink=\"http:\/\/cd06ffme.fr\/WordPress3\/ddcs\/\" data-orig-file=\"https:\/\/i0.wp.com\/cd06ffme.fr\/WordPress3\/wp-content\/uploads\/2015\/09\/DDCS.jpeg?fit=120%2C149\" data-orig-size=\"120,149\" data-comments-opened=\"0\" data-image-meta=\"{&quot;aperture&quot;:&quot;0&quot;,&quot;credit&quot;:&quot;&quot;,&quot;camera&quot;:&quot;&quot;,&quot;caption&quot;:&quot;&quot;,&quot;created_timestamp&quot;:&quot;0&quot;,&quot;copyright&quot;:&quot;&quot;,&quot;focal_length&quot;:&quot;0&quot;,&quot;iso&quot;:&quot;0&quot;,&quot;shutter_speed&quot;:&quot;0&quot;,&quot;title&quot;:&quot;&quot;,&quot;orientation&quot;:&quot;1&quot;}\" data-image-title=\"DDCS\" data-image-description=\"\" data-image-caption=\"\" data-medium-file=\"https:\/\/i0.wp.com\/cd06ffme.fr\/WordPress3\/wp-content\/uploads\/2015\/09\/DDCS.jpeg?fit=120%2C149\" data-large-file=\"https:\/\/i0.wp.com\/cd06ffme.fr\/WordPress3\/wp-content\/uploads\/2015\/09\/DDCS.jpeg?fit=120%2C149\" decoding=\"async\" loading=\"lazy\" class=\"alignnone wp-image-2569\" src=\"https:\/\/i0.wp.com\/cd06ffme.fr\/WordPress3\/wp-content\/uploads\/2015\/09\/DDCS.jpeg?resize=32%2C40\" alt=\"DDCS\" width=\"32\" height=\"40\" data-recalc-dims=\"1\" \/><\/td>\n<td><\/td>\n<td><\/td>\n<\/tr>\n<\/tbody>\n<\/table>\n<p><iframe loading=\"lazy\" title=\"L&#039;&amp;eacute;chapp&amp;eacute;e blanche du Bor&amp;eacute;on : A la d&amp;eacute;couverte des activit&amp;eacute;s nordiques\" src=\"https:\/\/player.vimeo.com\/video\/120352634?dnt=1&amp;app_id=122963\" width=\"580\" height=\"326\" frameborder=\"0\" allow=\"autoplay; fullscreen; picture-in-picture\" allowfullscreen><\/iframe><\/p>\n<p><strong><br \/>\n<\/strong>Nous vous remercions pour votre inscription et esp\u00e9rons vous rencontrer<br \/>\npour la prochaine \u00e9dition.<br \/>\nLe comit\u00e9 d\u00e9partemental remercie ses partenaires et collaborateurs<br \/>\nsans qui toutes ces\u00a0activit\u00e9s\u00a0ne pourraient vous \u00eatre propos\u00e9es.<\/p>\n<p><a href=\"https:\/\/i0.wp.com\/cd06ffme.fr\/WordPress3\/wp-content\/uploads\/2016\/02\/Annulation_EB2016.jpg\" rel=\"attachment wp-att-2885\"><img data-attachment-id=\"2885\" data-permalink=\"http:\/\/cd06ffme.fr\/WordPress3\/echappee-blanche-annulation-2\/annulation_eb2016\/\" data-orig-file=\"https:\/\/i0.wp.com\/cd06ffme.fr\/WordPress3\/wp-content\/uploads\/2016\/02\/Annulation_EB2016.jpg?fit=1240%2C877\" data-orig-size=\"1240,877\" data-comments-opened=\"0\" data-image-meta=\"{&quot;aperture&quot;:&quot;0&quot;,&quot;credit&quot;:&quot;&quot;,&quot;camera&quot;:&quot;&quot;,&quot;caption&quot;:&quot;&quot;,&quot;created_timestamp&quot;:&quot;0&quot;,&quot;copyright&quot;:&quot;&quot;,&quot;focal_length&quot;:&quot;0&quot;,&quot;iso&quot;:&quot;0&quot;,&quot;shutter_speed&quot;:&quot;0&quot;,&quot;title&quot;:&quot;&quot;,&quot;orientation&quot;:&quot;0&quot;}\" data-image-title=\"Annulation_EB2016\" data-image-description=\"\" data-image-caption=\"\" data-medium-file=\"https:\/\/i0.wp.com\/cd06ffme.fr\/WordPress3\/wp-content\/uploads\/2016\/02\/Annulation_EB2016.jpg?fit=300%2C212\" data-large-file=\"https:\/\/i0.wp.com\/cd06ffme.fr\/WordPress3\/wp-content\/uploads\/2016\/02\/Annulation_EB2016.jpg?fit=580%2C410\" decoding=\"async\" loading=\"lazy\" class=\"alignnone size-large wp-image-2885\" src=\"https:\/\/i0.wp.com\/cd06ffme.fr\/WordPress3\/wp-content\/uploads\/2016\/02\/Annulation_EB2016.jpg?resize=580%2C410\" alt=\"Annulation_EB2016\" width=\"580\" height=\"410\" srcset=\"https:\/\/i0.wp.com\/cd06ffme.fr\/WordPress3\/wp-content\/uploads\/2016\/02\/Annulation_EB2016.jpg?resize=1024%2C724 1024w, https:\/\/i0.wp.com\/cd06ffme.fr\/WordPress3\/wp-content\/uploads\/2016\/02\/Annulation_EB2016.jpg?resize=300%2C212 300w, https:\/\/i0.wp.com\/cd06ffme.fr\/WordPress3\/wp-content\/uploads\/2016\/02\/Annulation_EB2016.jpg?resize=768%2C543 768w, https:\/\/i0.wp.com\/cd06ffme.fr\/WordPress3\/wp-content\/uploads\/2016\/02\/Annulation_EB2016.jpg?w=1240 1240w, https:\/\/i0.wp.com\/cd06ffme.fr\/WordPress3\/wp-content\/uploads\/2016\/02\/Annulation_EB2016.jpg?w=1160 1160w\" sizes=\"(max-width: 580px) 100vw, 580px\" data-recalc-dims=\"1\" \/><\/a><\/p>\n<p><strong>Les activit\u00e9s<\/strong><\/p>\n<table>\n<tbody>\n<tr>\n<td><del><strong>Sportives<\/strong><\/del><br \/>\n<del> Challenge Ski Alpinisme<\/del><br \/>\n<del> Challenge D\u00e9partemental de Cascade de Glace &#8211;&gt;\u00a0Inscription\u00a0<\/del><del><strong>Loisirs<br \/>\n<\/strong>Ski Alpinisme<br \/>\nSki Nordique<br \/>\nRaquette \u00e0 Neige<br \/>\nCascade de Glace<br \/>\nSnow\u00ebllette &#8211; Pulka<\/del><del><strong>D\u00e9couvertes<br \/>\n<\/strong>Luges<\/del><br \/>\n<del> Centre Alpha<br \/>\nPulka ou cal\u00e8che tract\u00e9e<\/del><del><strong>D\u00e9monstrations<br \/>\n<\/strong>Secours en Montagne<\/del><\/p>\n<p>&nbsp;<\/p>\n<p><del><strong>Spectacle<\/strong><\/del><br \/>\n<del> Highline<\/del><\/p>\n<p><del>Lots \u00e0 gagner<\/del><br \/>\n<del> Tirage au sort 17h apr\u00e8s la remise des prix du Challenge\u00a0de Cascade de Glace<\/del><br \/>\nToutes les activit\u00e9s sont sous r\u00e9serve de conditions acceptables<br \/>\n<em>Les conditions ne permettent pas la mise en place de l&rsquo;atelier chiens de tra\u00eeneaux qui sera remplac\u00e9 par l&rsquo;attelage \u00e9questre et d\u00e9di\u00e9 aux personnes en situation de handicap.<\/em><\/td>\n<td><\/td>\n<\/tr>\n<tr>\n<td>\u00a0Partenaires<br \/>\n<a href=\"https:\/\/www.facebook.com\/PGHM-Alpes-Maritimes-406755732853472\/\"><img data-attachment-id=\"2826\" data-permalink=\"http:\/\/cd06ffme.fr\/WordPress3\/pghm\/\" data-orig-file=\"https:\/\/i0.wp.com\/cd06ffme.fr\/WordPress3\/wp-content\/uploads\/2015\/11\/PGHM.jpg?fit=106%2C105\" data-orig-size=\"106,105\" data-comments-opened=\"0\" data-image-meta=\"{&quot;aperture&quot;:&quot;0&quot;,&quot;credit&quot;:&quot;&quot;,&quot;camera&quot;:&quot;&quot;,&quot;caption&quot;:&quot;&quot;,&quot;created_timestamp&quot;:&quot;0&quot;,&quot;copyright&quot;:&quot;&quot;,&quot;focal_length&quot;:&quot;0&quot;,&quot;iso&quot;:&quot;0&quot;,&quot;shutter_speed&quot;:&quot;0&quot;,&quot;title&quot;:&quot;&quot;,&quot;orientation&quot;:&quot;0&quot;}\" data-image-title=\"PGHM\" data-image-description=\"\" data-image-caption=\"\" data-medium-file=\"https:\/\/i0.wp.com\/cd06ffme.fr\/WordPress3\/wp-content\/uploads\/2015\/11\/PGHM.jpg?fit=106%2C105\" data-large-file=\"https:\/\/i0.wp.com\/cd06ffme.fr\/WordPress3\/wp-content\/uploads\/2015\/11\/PGHM.jpg?fit=106%2C105\" decoding=\"async\" loading=\"lazy\" class=\"alignnone wp-image-2826\" src=\"https:\/\/i0.wp.com\/cd06ffme.fr\/WordPress3\/wp-content\/uploads\/2015\/11\/PGHM.jpg?resize=92%2C90\" alt=\"PGHM\" width=\"92\" height=\"90\" srcset=\"https:\/\/i0.wp.com\/cd06ffme.fr\/WordPress3\/wp-content\/uploads\/2015\/11\/PGHM.jpg?w=106 106w, https:\/\/i0.wp.com\/cd06ffme.fr\/WordPress3\/wp-content\/uploads\/2015\/11\/PGHM.jpg?resize=30%2C30 30w\" sizes=\"(max-width: 92px) 100vw, 92px\" data-recalc-dims=\"1\" \/><\/a>\u00a0<a href=\"http:\/\/www.association-herve-gourdel.org\/\"><img data-attachment-id=\"2828\" data-permalink=\"http:\/\/cd06ffme.fr\/WordPress3\/logo-herge-gourdel3-bis-bis-2\/\" data-orig-file=\"https:\/\/i0.wp.com\/cd06ffme.fr\/WordPress3\/wp-content\/uploads\/2015\/11\/LOGO-HERGE-GOURDEL3-bis-bis-e1452616948924.jpg?fit=1517%2C644\" data-orig-size=\"1517,644\" data-comments-opened=\"0\" data-image-meta=\"{&quot;aperture&quot;:&quot;0&quot;,&quot;credit&quot;:&quot;&quot;,&quot;camera&quot;:&quot;&quot;,&quot;caption&quot;:&quot;&quot;,&quot;created_timestamp&quot;:&quot;0&quot;,&quot;copyright&quot;:&quot;&quot;,&quot;focal_length&quot;:&quot;0&quot;,&quot;iso&quot;:&quot;0&quot;,&quot;shutter_speed&quot;:&quot;0&quot;,&quot;title&quot;:&quot;&quot;,&quot;orientation&quot;:&quot;0&quot;}\" data-image-title=\"LOGO HERGE GOURDEL3 bis bis\" data-image-description=\"\" data-image-caption=\"\" data-medium-file=\"https:\/\/i0.wp.com\/cd06ffme.fr\/WordPress3\/wp-content\/uploads\/2015\/11\/LOGO-HERGE-GOURDEL3-bis-bis-e1452616948924.jpg?fit=300%2C127\" data-large-file=\"https:\/\/i0.wp.com\/cd06ffme.fr\/WordPress3\/wp-content\/uploads\/2015\/11\/LOGO-HERGE-GOURDEL3-bis-bis-e1452616948924.jpg?fit=580%2C246\" decoding=\"async\" loading=\"lazy\" class=\"alignnone wp-image-2828\" src=\"https:\/\/i0.wp.com\/cd06ffme.fr\/WordPress3\/wp-content\/uploads\/2015\/11\/LOGO-HERGE-GOURDEL3-bis-bis.jpg?resize=141%2C100\" alt=\"LOGO HERGE GOURDEL3 bis bis\" width=\"141\" height=\"100\" data-recalc-dims=\"1\" \/><\/a> <a href=\"http:\/\/www.cafnice.org\/cafbase\/accueil.php\" rel=\"attachment wp-att-2878\"><img data-attachment-id=\"2878\" data-permalink=\"http:\/\/cd06ffme.fr\/WordPress3\/logo-couleur-ffcam\/\" data-orig-file=\"https:\/\/i0.wp.com\/cd06ffme.fr\/WordPress3\/wp-content\/uploads\/2015\/11\/logo_federationclubalpin_couleur.jpg?fit=1816%2C846\" data-orig-size=\"1816,846\" data-comments-opened=\"0\" data-image-meta=\"{&quot;aperture&quot;:&quot;0&quot;,&quot;credit&quot;:&quot;&quot;,&quot;camera&quot;:&quot;&quot;,&quot;caption&quot;:&quot;&quot;,&quot;created_timestamp&quot;:&quot;0&quot;,&quot;copyright&quot;:&quot;&quot;,&quot;focal_length&quot;:&quot;0&quot;,&quot;iso&quot;:&quot;0&quot;,&quot;shutter_speed&quot;:&quot;0&quot;,&quot;title&quot;:&quot;logo couleur FFCAM&quot;,&quot;orientation&quot;:&quot;1&quot;}\" data-image-title=\"logo couleur FFCAM\" data-image-description=\"\" data-image-caption=\"\" data-medium-file=\"https:\/\/i0.wp.com\/cd06ffme.fr\/WordPress3\/wp-content\/uploads\/2015\/11\/logo_federationclubalpin_couleur.jpg?fit=300%2C140\" data-large-file=\"https:\/\/i0.wp.com\/cd06ffme.fr\/WordPress3\/wp-content\/uploads\/2015\/11\/logo_federationclubalpin_couleur.jpg?fit=580%2C270\" decoding=\"async\" loading=\"lazy\" class=\"alignnone wp-image-2878\" src=\"https:\/\/i0.wp.com\/cd06ffme.fr\/WordPress3\/wp-content\/uploads\/2015\/11\/logo_federationclubalpin_couleur.jpg?resize=215%2C100\" alt=\"logo couleur FFCAM\" width=\"215\" height=\"100\" srcset=\"https:\/\/i0.wp.com\/cd06ffme.fr\/WordPress3\/wp-content\/uploads\/2015\/11\/logo_federationclubalpin_couleur.jpg?resize=1024%2C477 1024w, https:\/\/i0.wp.com\/cd06ffme.fr\/WordPress3\/wp-content\/uploads\/2015\/11\/logo_federationclubalpin_couleur.jpg?resize=300%2C140 300w, https:\/\/i0.wp.com\/cd06ffme.fr\/WordPress3\/wp-content\/uploads\/2015\/11\/logo_federationclubalpin_couleur.jpg?resize=768%2C358 768w, https:\/\/i0.wp.com\/cd06ffme.fr\/WordPress3\/wp-content\/uploads\/2015\/11\/logo_federationclubalpin_couleur.jpg?w=1816 1816w, https:\/\/i0.wp.com\/cd06ffme.fr\/WordPress3\/wp-content\/uploads\/2015\/11\/logo_federationclubalpin_couleur.jpg?w=1160 1160w, https:\/\/i0.wp.com\/cd06ffme.fr\/WordPress3\/wp-content\/uploads\/2015\/11\/logo_federationclubalpin_couleur.jpg?w=1740 1740w\" sizes=\"(max-width: 215px) 100vw, 215px\" data-recalc-dims=\"1\" \/><\/a><\/td>\n<td><\/td>\n<\/tr>\n<\/tbody>\n<\/table>\n<p>[eme_events category=5]<\/p>\n<table>\n<tbody>\n<tr>\n<td><script type=\"text\/javascript\">\/\/ < ![CDATA[\n\/\/ < ![CDATA[\n\/\/ < ![CDATA[\n\/\/ < ![CDATA[\n\/\/ < ![CDATA[\n\/\/ < ![CDATA[\n\/\/ < ![CDATA[\n\/\/ < ![CDATA[\n\/\/ < ![CDATA[\n\/\/ < ![CDATA[\n\/\/ < ![CDATA[ var iframe = window.getElementsByTagName( \"iframe\" )[ 0 ]; alert( \"Titre de l'iframe: \" + iframe.contentWindow.title ); \/\/ ]]><\/script><strong>INFOROUTES<\/strong><br \/>\n<iframe loading=\"lazy\" src=\"http:\/\/www.inforoutes06.fr\/fr\/\" width=\"400\" height=\"500\" data-mce-fragment=\"1\">Votre navigateur ne supporte pas l&rsquo;\u00e9l\u00e9ment iframe&nbsp;<\/p>\n<p>&nbsp;<\/p>\n<p><\/iframe><\/td>\n<td><script type=\"text\/javascript\">\/\/ < ![CDATA[\n\/\/ < ![CDATA[\n\/\/ < ![CDATA[\n\/\/ < ![CDATA[\n\/\/ < ![CDATA[\n\/\/ < ![CDATA[\n\/\/ < ![CDATA[\n\/\/ < ![CDATA[\n\/\/ < ![CDATA[\n\/\/ < ![CDATA[\n\/\/ < ![CDATA[ var iframe = window.getElementsByTagName( \"iframe\" )[ 0 ]; alert( \"Titre de l'iframe: \" + iframe.contentWindow.title ); \/\/ ]]><\/script><strong>METEO<\/strong><br \/>\n<iframe loading=\"lazy\" src=\"http:\/\/www.meteofrance.com\/previsions-meteo-france\/saint-martin-vesubie\/06450\" width=\"400\" height=\"500\" data-mce-fragment=\"1\">Votre navigateur ne supporte pas l&rsquo;\u00e9l\u00e9ment iframe&nbsp;<\/p>\n<p>&nbsp;<\/p>\n<p><\/iframe><\/td>\n<\/tr>\n<\/tbody>\n<\/table>\n","protected":false},"excerpt":{"rendered":"<p>6\u00a0F\u00e9vrier 2016 \u00a0 \u00a0 Nous vous remercions pour votre inscription et esp\u00e9rons vous rencontrer pour la prochaine \u00e9dition. Le comit\u00e9 d\u00e9partemental remercie ses partenaires et collaborateurs sans qui toutes ces\u00a0activit\u00e9s\u00a0ne [&hellip;]<\/p>\n","protected":false},"author":2991,"featured_media":0,"comment_status":"closed","ping_status":"closed","sticky":false,"template":"","format":"standard","meta":{"jetpack_post_was_ever_published":false,"_jetpack_newsletter_access":"","_jetpack_newsletter_tier_id":0,"footnotes":"","jetpack_publicize_message":"","jetpack_is_tweetstorm":false,"jetpack_publicize_feature_enabled":true,"jetpack_social_post_already_shared":true,"jetpack_social_options":{"image_generator_settings":{"template":"highway","enabled":false}}},"categories":[1],"tags":[],"jetpack_publicize_connections":[],"yoast_head":"<!-- This site is optimized with the Yoast SEO plugin v21.5 - https:\/\/yoast.com\/wordpress\/plugins\/seo\/ -->\n<title>Echapp\u00e9e blanche 2016 | F\u00e9d\u00e9ration Fran\u00e7aise Montagne Escalade<\/title>\n<meta name=\"robots\" content=\"index, follow, max-snippet:-1, max-image-preview:large, max-video-preview:-1\" \/>\n<link rel=\"canonical\" href=\"http:\/\/cd06ffme.fr\/WordPress3\/echappe-blanche-2015\/\" \/>\n<meta property=\"og:locale\" content=\"fr_FR\" \/>\n<meta property=\"og:type\" content=\"article\" \/>\n<meta property=\"og:title\" content=\"Echapp\u00e9e blanche 2016 | F\u00e9d\u00e9ration Fran\u00e7aise Montagne Escalade\" \/>\n<meta property=\"og:description\" content=\"6\u00a0F\u00e9vrier 2016 \u00a0 \u00a0 Nous vous remercions pour votre inscription et esp\u00e9rons vous rencontrer pour la prochaine \u00e9dition. Le comit\u00e9 d\u00e9partemental remercie ses partenaires et collaborateurs sans qui toutes ces\u00a0activit\u00e9s\u00a0ne [&hellip;]\" \/>\n<meta property=\"og:url\" content=\"http:\/\/cd06ffme.fr\/WordPress3\/echappe-blanche-2015\/\" \/>\n<meta property=\"og:site_name\" content=\"F\u00e9d\u00e9ration Fran\u00e7aise Montagne Escalade\" \/>\n<meta property=\"article:publisher\" content=\"https:\/\/www.facebook.com\/CT06FFME\" \/>\n<meta property=\"article:published_time\" content=\"2015-11-17T11:18:20+00:00\" \/>\n<meta property=\"article:modified_time\" content=\"2021-01-15T13:55:15+00:00\" \/>\n<meta property=\"og:image\" content=\"http:\/\/cd06ffme.fr\/WordPress3\/wp-content\/uploads\/2015\/02\/logoCd_H_S.jpg\" \/>\n<meta name=\"author\" content=\"Administration\" \/>\n<meta name=\"twitter:card\" content=\"summary_large_image\" \/>\n<meta name=\"twitter:label1\" content=\"\u00c9crit par\" \/>\n\t<meta name=\"twitter:data1\" content=\"Administration\" \/>\n\t<meta name=\"twitter:label2\" content=\"Dur\u00e9e de lecture estim\u00e9e\" \/>\n\t<meta name=\"twitter:data2\" content=\"1 minute\" \/>\n<script type=\"application\/ld+json\" class=\"yoast-schema-graph\">{\"@context\":\"https:\/\/schema.org\",\"@graph\":[{\"@type\":\"Article\",\"@id\":\"http:\/\/cd06ffme.fr\/WordPress3\/echappe-blanche-2015\/#article\",\"isPartOf\":{\"@id\":\"http:\/\/cd06ffme.fr\/WordPress3\/echappe-blanche-2015\/\"},\"author\":{\"name\":\"Administration\",\"@id\":\"https:\/\/cd06ffme.fr\/WordPress3\/#\/schema\/person\/2b490356460f5f5dccb7a042d8de290f\"},\"headline\":\"Echapp\u00e9e blanche 2016\",\"datePublished\":\"2015-11-17T11:18:20+00:00\",\"dateModified\":\"2021-01-15T13:55:15+00:00\",\"mainEntityOfPage\":{\"@id\":\"http:\/\/cd06ffme.fr\/WordPress3\/echappe-blanche-2015\/\"},\"wordCount\":183,\"publisher\":{\"@id\":\"https:\/\/cd06ffme.fr\/WordPress3\/#organization\"},\"articleSection\":[\"__\"],\"inLanguage\":\"fr-FR\"},{\"@type\":\"WebPage\",\"@id\":\"http:\/\/cd06ffme.fr\/WordPress3\/echappe-blanche-2015\/\",\"url\":\"http:\/\/cd06ffme.fr\/WordPress3\/echappe-blanche-2015\/\",\"name\":\"Echapp\u00e9e blanche 2016 | F\u00e9d\u00e9ration Fran\u00e7aise Montagne Escalade\",\"isPartOf\":{\"@id\":\"https:\/\/cd06ffme.fr\/WordPress3\/#website\"},\"datePublished\":\"2015-11-17T11:18:20+00:00\",\"dateModified\":\"2021-01-15T13:55:15+00:00\",\"breadcrumb\":{\"@id\":\"http:\/\/cd06ffme.fr\/WordPress3\/echappe-blanche-2015\/#breadcrumb\"},\"inLanguage\":\"fr-FR\",\"potentialAction\":[{\"@type\":\"ReadAction\",\"target\":[\"http:\/\/cd06ffme.fr\/WordPress3\/echappe-blanche-2015\/\"]}]},{\"@type\":\"BreadcrumbList\",\"@id\":\"http:\/\/cd06ffme.fr\/WordPress3\/echappe-blanche-2015\/#breadcrumb\",\"itemListElement\":[{\"@type\":\"ListItem\",\"position\":1,\"name\":\"Accueil\",\"item\":\"http:\/\/cd06ffme.fr\/WordPress3\/\"},{\"@type\":\"ListItem\",\"position\":2,\"name\":\"Echapp\u00e9e blanche 2016\"}]},{\"@type\":\"WebSite\",\"@id\":\"https:\/\/cd06ffme.fr\/WordPress3\/#website\",\"url\":\"https:\/\/cd06ffme.fr\/WordPress3\/\",\"name\":\"F\u00e9d\u00e9ration Fran\u00e7aise Montagne Escalade 06\",\"description\":\"\",\"publisher\":{\"@id\":\"https:\/\/cd06ffme.fr\/WordPress3\/#organization\"},\"potentialAction\":[{\"@type\":\"SearchAction\",\"target\":{\"@type\":\"EntryPoint\",\"urlTemplate\":\"https:\/\/cd06ffme.fr\/WordPress3\/?s={search_term_string}\"},\"query-input\":\"required name=search_term_string\"}],\"inLanguage\":\"fr-FR\"},{\"@type\":\"Organization\",\"@id\":\"https:\/\/cd06ffme.fr\/WordPress3\/#organization\",\"name\":\"Comit\u00e9 Territorial des Alpes Maritimes F\u00e9d\u00e9ration Fran\u00e7aise de Montagne et d'Escalade\",\"url\":\"https:\/\/cd06ffme.fr\/WordPress3\/\",\"logo\":{\"@type\":\"ImageObject\",\"inLanguage\":\"fr-FR\",\"@id\":\"https:\/\/cd06ffme.fr\/WordPress3\/#\/schema\/logo\/image\/\",\"url\":\"https:\/\/i0.wp.com\/cd06ffme.fr\/WordPress3\/wp-content\/uploads\/2020\/12\/cropped-FFME_LOGO_INSTIT_SECONDAIRE_FOND_CLAIR_CMJN-2-1.png?fit=1705%2C547\",\"contentUrl\":\"https:\/\/i0.wp.com\/cd06ffme.fr\/WordPress3\/wp-content\/uploads\/2020\/12\/cropped-FFME_LOGO_INSTIT_SECONDAIRE_FOND_CLAIR_CMJN-2-1.png?fit=1705%2C547\",\"width\":1705,\"height\":547,\"caption\":\"Comit\u00e9 Territorial des Alpes Maritimes F\u00e9d\u00e9ration Fran\u00e7aise de Montagne et d'Escalade\"},\"image\":{\"@id\":\"https:\/\/cd06ffme.fr\/WordPress3\/#\/schema\/logo\/image\/\"},\"sameAs\":[\"https:\/\/www.facebook.com\/CT06FFME\",\"https:\/\/www.instagram.com\/ct06_ffme_montagne_escalade\/\",\"https:\/\/www.youtube.com\/channel\/UCOfq1FRfAZlbV6N7LCCd-lg\"]},{\"@type\":\"Person\",\"@id\":\"https:\/\/cd06ffme.fr\/WordPress3\/#\/schema\/person\/2b490356460f5f5dccb7a042d8de290f\",\"name\":\"Administration\",\"image\":{\"@type\":\"ImageObject\",\"inLanguage\":\"fr-FR\",\"@id\":\"https:\/\/cd06ffme.fr\/WordPress3\/#\/schema\/person\/image\/\",\"url\":\"http:\/\/0.gravatar.com\/avatar\/078618612ff8011eec49d6c8f2dc05e4?s=96&d=wavatar&r=g\",\"contentUrl\":\"http:\/\/0.gravatar.com\/avatar\/078618612ff8011eec49d6c8f2dc05e4?s=96&d=wavatar&r=g\",\"caption\":\"Administration\"},\"url\":\"http:\/\/cd06ffme.fr\/WordPress3\/author\/amandine\/\"}]}<\/script>\n<!-- \/ Yoast SEO plugin. -->","yoast_head_json":{"title":"Echapp\u00e9e blanche 2016 | F\u00e9d\u00e9ration Fran\u00e7aise Montagne Escalade","robots":{"index":"index","follow":"follow","max-snippet":"max-snippet:-1","max-image-preview":"max-image-preview:large","max-video-preview":"max-video-preview:-1"},"canonical":"http:\/\/cd06ffme.fr\/WordPress3\/echappe-blanche-2015\/","og_locale":"fr_FR","og_type":"article","og_title":"Echapp\u00e9e blanche 2016 | F\u00e9d\u00e9ration Fran\u00e7aise Montagne Escalade","og_description":"6\u00a0F\u00e9vrier 2016 \u00a0 \u00a0 Nous vous remercions pour votre inscription et esp\u00e9rons vous rencontrer pour la prochaine \u00e9dition. Le comit\u00e9 d\u00e9partemental remercie ses partenaires et collaborateurs sans qui toutes ces\u00a0activit\u00e9s\u00a0ne [&hellip;]","og_url":"http:\/\/cd06ffme.fr\/WordPress3\/echappe-blanche-2015\/","og_site_name":"F\u00e9d\u00e9ration Fran\u00e7aise Montagne Escalade","article_publisher":"https:\/\/www.facebook.com\/CT06FFME","article_published_time":"2015-11-17T11:18:20+00:00","article_modified_time":"2021-01-15T13:55:15+00:00","og_image":[{"url":"http:\/\/cd06ffme.fr\/WordPress3\/wp-content\/uploads\/2015\/02\/logoCd_H_S.jpg"}],"author":"Administration","twitter_card":"summary_large_image","twitter_misc":{"\u00c9crit par":"Administration","Dur\u00e9e de lecture estim\u00e9e":"1 minute"},"schema":{"@context":"https:\/\/schema.org","@graph":[{"@type":"Article","@id":"http:\/\/cd06ffme.fr\/WordPress3\/echappe-blanche-2015\/#article","isPartOf":{"@id":"http:\/\/cd06ffme.fr\/WordPress3\/echappe-blanche-2015\/"},"author":{"name":"Administration","@id":"https:\/\/cd06ffme.fr\/WordPress3\/#\/schema\/person\/2b490356460f5f5dccb7a042d8de290f"},"headline":"Echapp\u00e9e blanche 2016","datePublished":"2015-11-17T11:18:20+00:00","dateModified":"2021-01-15T13:55:15+00:00","mainEntityOfPage":{"@id":"http:\/\/cd06ffme.fr\/WordPress3\/echappe-blanche-2015\/"},"wordCount":183,"publisher":{"@id":"https:\/\/cd06ffme.fr\/WordPress3\/#organization"},"articleSection":["__"],"inLanguage":"fr-FR"},{"@type":"WebPage","@id":"http:\/\/cd06ffme.fr\/WordPress3\/echappe-blanche-2015\/","url":"http:\/\/cd06ffme.fr\/WordPress3\/echappe-blanche-2015\/","name":"Echapp\u00e9e blanche 2016 | F\u00e9d\u00e9ration Fran\u00e7aise Montagne Escalade","isPartOf":{"@id":"https:\/\/cd06ffme.fr\/WordPress3\/#website"},"datePublished":"2015-11-17T11:18:20+00:00","dateModified":"2021-01-15T13:55:15+00:00","breadcrumb":{"@id":"http:\/\/cd06ffme.fr\/WordPress3\/echappe-blanche-2015\/#breadcrumb"},"inLanguage":"fr-FR","potentialAction":[{"@type":"ReadAction","target":["http:\/\/cd06ffme.fr\/WordPress3\/echappe-blanche-2015\/"]}]},{"@type":"BreadcrumbList","@id":"http:\/\/cd06ffme.fr\/WordPress3\/echappe-blanche-2015\/#breadcrumb","itemListElement":[{"@type":"ListItem","position":1,"name":"Accueil","item":"http:\/\/cd06ffme.fr\/WordPress3\/"},{"@type":"ListItem","position":2,"name":"Echapp\u00e9e blanche 2016"}]},{"@type":"WebSite","@id":"https:\/\/cd06ffme.fr\/WordPress3\/#website","url":"https:\/\/cd06ffme.fr\/WordPress3\/","name":"F\u00e9d\u00e9ration Fran\u00e7aise Montagne Escalade 06","description":"","publisher":{"@id":"https:\/\/cd06ffme.fr\/WordPress3\/#organization"},"potentialAction":[{"@type":"SearchAction","target":{"@type":"EntryPoint","urlTemplate":"https:\/\/cd06ffme.fr\/WordPress3\/?s={search_term_string}"},"query-input":"required name=search_term_string"}],"inLanguage":"fr-FR"},{"@type":"Organization","@id":"https:\/\/cd06ffme.fr\/WordPress3\/#organization","name":"Comit\u00e9 Territorial des Alpes Maritimes F\u00e9d\u00e9ration Fran\u00e7aise de Montagne et d'Escalade","url":"https:\/\/cd06ffme.fr\/WordPress3\/","logo":{"@type":"ImageObject","inLanguage":"fr-FR","@id":"https:\/\/cd06ffme.fr\/WordPress3\/#\/schema\/logo\/image\/","url":"https:\/\/i0.wp.com\/cd06ffme.fr\/WordPress3\/wp-content\/uploads\/2020\/12\/cropped-FFME_LOGO_INSTIT_SECONDAIRE_FOND_CLAIR_CMJN-2-1.png?fit=1705%2C547","contentUrl":"https:\/\/i0.wp.com\/cd06ffme.fr\/WordPress3\/wp-content\/uploads\/2020\/12\/cropped-FFME_LOGO_INSTIT_SECONDAIRE_FOND_CLAIR_CMJN-2-1.png?fit=1705%2C547","width":1705,"height":547,"caption":"Comit\u00e9 Territorial des Alpes Maritimes F\u00e9d\u00e9ration Fran\u00e7aise de Montagne et d'Escalade"},"image":{"@id":"https:\/\/cd06ffme.fr\/WordPress3\/#\/schema\/logo\/image\/"},"sameAs":["https:\/\/www.facebook.com\/CT06FFME","https:\/\/www.instagram.com\/ct06_ffme_montagne_escalade\/","https:\/\/www.youtube.com\/channel\/UCOfq1FRfAZlbV6N7LCCd-lg"]},{"@type":"Person","@id":"https:\/\/cd06ffme.fr\/WordPress3\/#\/schema\/person\/2b490356460f5f5dccb7a042d8de290f","name":"Administration","image":{"@type":"ImageObject","inLanguage":"fr-FR","@id":"https:\/\/cd06ffme.fr\/WordPress3\/#\/schema\/person\/image\/","url":"http:\/\/0.gravatar.com\/avatar\/078618612ff8011eec49d6c8f2dc05e4?s=96&d=wavatar&r=g","contentUrl":"http:\/\/0.gravatar.com\/avatar\/078618612ff8011eec49d6c8f2dc05e4?s=96&d=wavatar&r=g","caption":"Administration"},"url":"http:\/\/cd06ffme.fr\/WordPress3\/author\/amandine\/"}]}},"jetpack_featured_media_url":"","jetpack_sharing_enabled":true,"jetpack_shortlink":"https:\/\/wp.me\/p2LN8m-1r7","_links":{"self":[{"href":"http:\/\/cd06ffme.fr\/WordPress3\/wp-json\/wp\/v2\/posts\/5525"}],"collection":[{"href":"http:\/\/cd06ffme.fr\/WordPress3\/wp-json\/wp\/v2\/posts"}],"about":[{"href":"http:\/\/cd06ffme.fr\/WordPress3\/wp-json\/wp\/v2\/types\/post"}],"author":[{"embeddable":true,"href":"http:\/\/cd06ffme.fr\/WordPress3\/wp-json\/wp\/v2\/users\/2991"}],"replies":[{"embeddable":true,"href":"http:\/\/cd06ffme.fr\/WordPress3\/wp-json\/wp\/v2\/comments?post=5525"}],"version-history":[{"count":3,"href":"http:\/\/cd06ffme.fr\/WordPress3\/wp-json\/wp\/v2\/posts\/5525\/revisions"}],"predecessor-version":[{"id":5619,"href":"http:\/\/cd06ffme.fr\/WordPress3\/wp-json\/wp\/v2\/posts\/5525\/revisions\/5619"}],"wp:attachment":[{"href":"http:\/\/cd06ffme.fr\/WordPress3\/wp-json\/wp\/v2\/media?parent=5525"}],"wp:term":[{"taxonomy":"category","embeddable":true,"href":"http:\/\/cd06ffme.fr\/WordPress3\/wp-json\/wp\/v2\/categories?post=5525"},{"taxonomy":"post_tag","embeddable":true,"href":"http:\/\/cd06ffme.fr\/WordPress3\/wp-json\/wp\/v2\/tags?post=5525"}],"curies":[{"name":"wp","href":"https:\/\/api.w.org\/{rel}","templated":true}]}}