{"id":2776,"date":"2015-12-14T09:30:10","date_gmt":"2015-12-14T08:30:10","guid":{"rendered":"http:\/\/cd06ffme.fr\/WordPress3\/?p=2776"},"modified":"2015-12-14T12:22:38","modified_gmt":"2015-12-14T11:22:38","slug":"securite-montagne-initiation-sensibilisation","status":"publish","type":"post","link":"http:\/\/cd06ffme.fr\/WordPress3\/securite-montagne-initiation-sensibilisation\/","title":{"rendered":"S\u00e9curit\u00e9 Montagne &#8211; Initiation &#8211; Sensibilisation"},"content":{"rendered":"<p style=\"text-align: justify;\"><span style=\"font-family: 'trebuchet ms', geneva, sans-serif;\">Fin de la programmation s\u00e9curit\u00e9 Montagne organis\u00e9e par le CD06 FFME avec le soutien de la <a href=\"https:\/\/lannuaire.service-public.fr\/provence-alpes-cote-d-azur\/alpes-maritimes\/ddcs-06088-01\">DDCS<\/a>.<\/span><br \/>\n<span style=\"font-family: 'trebuchet ms', geneva, sans-serif;\">Trois modules th\u00e9oriques en soir\u00e9e dans les locaux du <a href=\"http:\/\/cd06ffme.fr\/WordPress3\/about\">Comit\u00e9 D\u00e9partemental<\/a> \u00a0et une journ\u00e9e grandeur nature. <\/span><br \/>\n<span style=\"font-family: 'trebuchet ms', geneva, sans-serif;\">Cette programmation \u00e9tait assur\u00e9e par <a href=\"http:\/\/www.revalpin.com\/\">Thibault Tournier<\/a> et Simon Riebel.<\/span><br \/>\n<span style=\"font-family: 'trebuchet ms', geneva, sans-serif;\">Simon (GHM &#8211; Secouriste du PGHM) revient sur cette derni\u00e8re journ\u00e9e relocalis\u00e9e sur Antibes, faute de neige en ce d\u00e9but d\u00e9cembre.<\/span><\/p>\n<div style=\"text-align: justify;\"><em><span style=\"font-family: 'trebuchet ms', geneva, sans-serif;\">\u00ab\u00a0Une belle journ\u00e9e de formation avalanche sur la plage de la Salis \u00e0 Antibes.<\/span><\/em><\/div>\n<div id=\"yiv6445636796yui_3_16_0_1_1449996728176_4266\" dir=\"ltr\" style=\"text-align: justify;\"><em><span style=\"font-family: 'trebuchet ms', geneva, sans-serif;\">Le sable a remplac\u00e9 la neige et les diff\u00e9rents ateliers ont pu \u00eatre mis en place. Treize personnes issues des diff\u00e9rents clubs de la r\u00e9gion ont particip\u00e9 \u00e0 cette op\u00e9ration. Le matin chacun a pu mettre en \u0153uvre son DVA, sa sonde, sa pelle et ainsi mieux connaitre et utiliser son mat\u00e9riel. L&rsquo;apr\u00e8s midi les randonneurs ont eu \u00e0 intervenir en groupe sur diff\u00e9rentes avalanches multi-victimes. Tous les th\u00e8mes ont ainsi \u00e9t\u00e9 abord\u00e9s et mis en pratique: l&rsquo;organisation du groupe, l&rsquo;alerte, le secourisme&#8230;<\/span><\/em><\/div>\n<p style=\"text-align: justify;\"><span style=\"font-family: 'trebuchet ms', geneva, sans-serif;\"><em>Simon\u00a0\u00bb<\/em><br \/>\n<\/span><\/p>\n<div class=\"tiled-gallery type-square tiled-gallery-unresized\" data-original-width=\"580\" data-carousel-extra='{&quot;blog_id&quot;:1,&quot;permalink&quot;:&quot;http:\\\/\\\/cd06ffme.fr\\\/WordPress3\\\/securite-montagne-initiation-sensibilisation\\\/&quot;,&quot;likes_blog_id&quot;:40942962}' itemscope itemtype=\"http:\/\/schema.org\/ImageGallery\" > <div class=\"gallery-row\" style=\"width: 580px; height: 580px;\" data-original-width=\"580\" data-original-height=\"580\" > <div class=\"gallery-group\" style=\"width: 580px; height: 580px;\" data-original-width=\"580\" data-original-height=\"580\" > <div class=\"tiled-gallery-item \" itemprop=\"associatedMedia\" itemscope itemtype=\"http:\/\/schema.org\/ImageObject\"> <a href=\"http:\/\/cd06ffme.fr\/WordPress3\/securite-montagne-initiation-sensibilisation\/img_20151212_092511801_hdr\/\" border=\"0\" itemprop=\"url\"> <meta itemprop=\"width\" content=\"576\"> <meta itemprop=\"height\" content=\"576\"> <img class=\"\" data-attachment-id=\"2777\" data-orig-file=\"http:\/\/cd06ffme.fr\/WordPress3\/wp-content\/uploads\/2015\/12\/IMG_20151212_092511801_HDR.jpg\" data-orig-size=\"2592,1456\" data-comments-opened=\"\" data-image-meta=\"{&quot;aperture&quot;:&quot;2.4&quot;,&quot;credit&quot;:&quot;&quot;,&quot;camera&quot;:&quot;XT1022&quot;,&quot;caption&quot;:&quot;&quot;,&quot;created_timestamp&quot;:&quot;1039345200&quot;,&quot;copyright&quot;:&quot;&quot;,&quot;focal_length&quot;:&quot;3.5&quot;,&quot;iso&quot;:&quot;125&quot;,&quot;shutter_speed&quot;:&quot;0.00076&quot;,&quot;title&quot;:&quot;&quot;,&quot;orientation&quot;:&quot;0&quot;}\" data-image-title=\"Pr\u00e9v FFME\" data-image-description=\"\" data-medium-file=\"https:\/\/i0.wp.com\/cd06ffme.fr\/WordPress3\/wp-content\/uploads\/2015\/12\/IMG_20151212_092511801_HDR.jpg?fit=300%2C169\" data-large-file=\"https:\/\/i0.wp.com\/cd06ffme.fr\/WordPress3\/wp-content\/uploads\/2015\/12\/IMG_20151212_092511801_HDR.jpg?fit=580%2C326\" src=\"https:\/\/i0.wp.com\/cd06ffme.fr\/WordPress3\/wp-content\/uploads\/2015\/12\/IMG_20151212_092511801_HDR.jpg?w=576&#038;h=576&#038;crop=1\" srcset=\"https:\/\/i0.wp.com\/cd06ffme.fr\/WordPress3\/wp-content\/uploads\/2015\/12\/IMG_20151212_092511801_HDR.jpg?resize=30%2C30 30w, https:\/\/i0.wp.com\/cd06ffme.fr\/WordPress3\/wp-content\/uploads\/2015\/12\/IMG_20151212_092511801_HDR.jpg?zoom=2&amp;resize=576%2C576 1152w, https:\/\/i0.wp.com\/cd06ffme.fr\/WordPress3\/wp-content\/uploads\/2015\/12\/IMG_20151212_092511801_HDR.jpg?zoom=3&amp;resize=576%2C576 1728w\" width=\"576\" height=\"576\" loading=\"lazy\" data-original-width=\"576\" data-original-height=\"576\" itemprop=\"http:\/\/schema.org\/image\" title=\"Pr\u00e9v FFME\" alt=\"Consignes\" style=\"width: 576px; height: 576px;\" \/> <\/a> <div class=\"tiled-gallery-caption\" itemprop=\"caption description\"> Consignes <\/div> <\/div> <\/div> <\/div> <div class=\"gallery-row\" style=\"width: 580px; height: 193px;\" data-original-width=\"580\" data-original-height=\"193\" > <div class=\"gallery-group\" style=\"width: 193px; height: 193px;\" data-original-width=\"193\" data-original-height=\"193\" > <div class=\"tiled-gallery-item \" itemprop=\"associatedMedia\" itemscope itemtype=\"http:\/\/schema.org\/ImageObject\"> <a href=\"http:\/\/cd06ffme.fr\/WordPress3\/securite-montagne-initiation-sensibilisation\/img_20151212_131658626\/\" border=\"0\" itemprop=\"url\"> <meta itemprop=\"width\" content=\"189\"> <meta itemprop=\"height\" content=\"189\"> <img class=\"\" data-attachment-id=\"2778\" data-orig-file=\"http:\/\/cd06ffme.fr\/WordPress3\/wp-content\/uploads\/2015\/12\/IMG_20151212_131658626.jpg\" data-orig-size=\"1456,2592\" data-comments-opened=\"\" data-image-meta=\"{&quot;aperture&quot;:&quot;2.4&quot;,&quot;credit&quot;:&quot;&quot;,&quot;camera&quot;:&quot;XT1022&quot;,&quot;caption&quot;:&quot;&quot;,&quot;created_timestamp&quot;:&quot;1039345200&quot;,&quot;copyright&quot;:&quot;&quot;,&quot;focal_length&quot;:&quot;3.5&quot;,&quot;iso&quot;:&quot;125&quot;,&quot;shutter_speed&quot;:&quot;0.00041&quot;,&quot;title&quot;:&quot;&quot;,&quot;orientation&quot;:&quot;0&quot;}\" data-image-title=\"Pr\u00e9v FFME\" data-image-description=\"\" data-medium-file=\"https:\/\/i0.wp.com\/cd06ffme.fr\/WordPress3\/wp-content\/uploads\/2015\/12\/IMG_20151212_131658626.jpg?fit=169%2C300\" data-large-file=\"https:\/\/i0.wp.com\/cd06ffme.fr\/WordPress3\/wp-content\/uploads\/2015\/12\/IMG_20151212_131658626.jpg?fit=575%2C1024\" src=\"https:\/\/i0.wp.com\/cd06ffme.fr\/WordPress3\/wp-content\/uploads\/2015\/12\/IMG_20151212_131658626.jpg?w=189&#038;h=189&#038;crop=1\" srcset=\"https:\/\/i0.wp.com\/cd06ffme.fr\/WordPress3\/wp-content\/uploads\/2015\/12\/IMG_20151212_131658626.jpg?resize=30%2C30 30w, https:\/\/i0.wp.com\/cd06ffme.fr\/WordPress3\/wp-content\/uploads\/2015\/12\/IMG_20151212_131658626.jpg?zoom=2&amp;resize=189%2C189 378w, https:\/\/i0.wp.com\/cd06ffme.fr\/WordPress3\/wp-content\/uploads\/2015\/12\/IMG_20151212_131658626.jpg?zoom=3&amp;resize=189%2C189 567w\" width=\"189\" height=\"189\" loading=\"lazy\" data-original-width=\"189\" data-original-height=\"189\" itemprop=\"http:\/\/schema.org\/image\" title=\"Pr\u00e9v FFME\" alt=\"Mat\u00e9riel f\u00e9d\u00e9ral\" style=\"width: 189px; height: 189px;\" \/> <\/a> <div class=\"tiled-gallery-caption\" itemprop=\"caption description\"> Mat\u00e9riel f\u00e9d\u00e9ral <\/div> <\/div> <\/div> <div class=\"gallery-group\" style=\"width: 193px; height: 193px;\" data-original-width=\"193\" data-original-height=\"193\" > <div class=\"tiled-gallery-item \" itemprop=\"associatedMedia\" itemscope itemtype=\"http:\/\/schema.org\/ImageObject\"> <a href=\"http:\/\/cd06ffme.fr\/WordPress3\/securite-montagne-initiation-sensibilisation\/img_20151212_141306095_hdr\/\" border=\"0\" itemprop=\"url\"> <meta itemprop=\"width\" content=\"189\"> <meta itemprop=\"height\" content=\"189\"> <img class=\"\" data-attachment-id=\"2779\" data-orig-file=\"http:\/\/cd06ffme.fr\/WordPress3\/wp-content\/uploads\/2015\/12\/IMG_20151212_141306095_HDR.jpg\" data-orig-size=\"1456,2592\" data-comments-opened=\"\" data-image-meta=\"{&quot;aperture&quot;:&quot;2.4&quot;,&quot;credit&quot;:&quot;&quot;,&quot;camera&quot;:&quot;XT1022&quot;,&quot;caption&quot;:&quot;&quot;,&quot;created_timestamp&quot;:&quot;1039345200&quot;,&quot;copyright&quot;:&quot;&quot;,&quot;focal_length&quot;:&quot;3.5&quot;,&quot;iso&quot;:&quot;125&quot;,&quot;shutter_speed&quot;:&quot;0.00089&quot;,&quot;title&quot;:&quot;&quot;,&quot;orientation&quot;:&quot;0&quot;}\" data-image-title=\"Pr\u00e9v FFME\" data-image-description=\"\" data-medium-file=\"https:\/\/i0.wp.com\/cd06ffme.fr\/WordPress3\/wp-content\/uploads\/2015\/12\/IMG_20151212_141306095_HDR.jpg?fit=169%2C300\" data-large-file=\"https:\/\/i0.wp.com\/cd06ffme.fr\/WordPress3\/wp-content\/uploads\/2015\/12\/IMG_20151212_141306095_HDR.jpg?fit=575%2C1024\" src=\"https:\/\/i0.wp.com\/cd06ffme.fr\/WordPress3\/wp-content\/uploads\/2015\/12\/IMG_20151212_141306095_HDR.jpg?w=189&#038;h=189&#038;crop=1\" srcset=\"https:\/\/i0.wp.com\/cd06ffme.fr\/WordPress3\/wp-content\/uploads\/2015\/12\/IMG_20151212_141306095_HDR.jpg?resize=30%2C30 30w, https:\/\/i0.wp.com\/cd06ffme.fr\/WordPress3\/wp-content\/uploads\/2015\/12\/IMG_20151212_141306095_HDR.jpg?zoom=2&amp;resize=189%2C189 378w, https:\/\/i0.wp.com\/cd06ffme.fr\/WordPress3\/wp-content\/uploads\/2015\/12\/IMG_20151212_141306095_HDR.jpg?zoom=3&amp;resize=189%2C189 567w\" width=\"189\" height=\"189\" loading=\"lazy\" data-original-width=\"189\" data-original-height=\"189\" itemprop=\"http:\/\/schema.org\/image\" title=\"Pr\u00e9v FFME\" alt=\"Conditionner une victime\" style=\"width: 189px; height: 189px;\" \/> <\/a> <div class=\"tiled-gallery-caption\" itemprop=\"caption description\"> Conditionner une victime <\/div> <\/div> <\/div> <div class=\"gallery-group\" style=\"width: 193px; height: 193px;\" data-original-width=\"193\" data-original-height=\"193\" > <div class=\"tiled-gallery-item \" itemprop=\"associatedMedia\" itemscope itemtype=\"http:\/\/schema.org\/ImageObject\"> <a href=\"http:\/\/cd06ffme.fr\/WordPress3\/securite-montagne-initiation-sensibilisation\/img_20151212_143108016\/\" border=\"0\" itemprop=\"url\"> <meta itemprop=\"width\" content=\"189\"> <meta itemprop=\"height\" content=\"189\"> <img class=\"\" data-attachment-id=\"2780\" data-orig-file=\"http:\/\/cd06ffme.fr\/WordPress3\/wp-content\/uploads\/2015\/12\/IMG_20151212_143108016.jpg\" data-orig-size=\"2592,1456\" data-comments-opened=\"\" data-image-meta=\"{&quot;aperture&quot;:&quot;2.4&quot;,&quot;credit&quot;:&quot;&quot;,&quot;camera&quot;:&quot;XT1022&quot;,&quot;caption&quot;:&quot;&quot;,&quot;created_timestamp&quot;:&quot;1039345200&quot;,&quot;copyright&quot;:&quot;&quot;,&quot;focal_length&quot;:&quot;3.5&quot;,&quot;iso&quot;:&quot;125&quot;,&quot;shutter_speed&quot;:&quot;0.00044&quot;,&quot;title&quot;:&quot;&quot;,&quot;orientation&quot;:&quot;0&quot;}\" data-image-title=\"Pr\u00e9v FFME\" data-image-description=\"\" data-medium-file=\"https:\/\/i0.wp.com\/cd06ffme.fr\/WordPress3\/wp-content\/uploads\/2015\/12\/IMG_20151212_143108016.jpg?fit=300%2C169\" data-large-file=\"https:\/\/i0.wp.com\/cd06ffme.fr\/WordPress3\/wp-content\/uploads\/2015\/12\/IMG_20151212_143108016.jpg?fit=580%2C326\" src=\"https:\/\/i0.wp.com\/cd06ffme.fr\/WordPress3\/wp-content\/uploads\/2015\/12\/IMG_20151212_143108016.jpg?w=189&#038;h=189&#038;crop=1\" srcset=\"https:\/\/i0.wp.com\/cd06ffme.fr\/WordPress3\/wp-content\/uploads\/2015\/12\/IMG_20151212_143108016.jpg?resize=30%2C30 30w, https:\/\/i0.wp.com\/cd06ffme.fr\/WordPress3\/wp-content\/uploads\/2015\/12\/IMG_20151212_143108016.jpg?zoom=2&amp;resize=189%2C189 378w, https:\/\/i0.wp.com\/cd06ffme.fr\/WordPress3\/wp-content\/uploads\/2015\/12\/IMG_20151212_143108016.jpg?zoom=3&amp;resize=189%2C189 567w\" width=\"189\" height=\"189\" loading=\"lazy\" data-original-width=\"189\" data-original-height=\"189\" itemprop=\"http:\/\/schema.org\/image\" title=\"Pr\u00e9v FFME\" alt=\"Rercherche avec un D.V.A.\" style=\"width: 189px; height: 189px;\" \/> <\/a> <div class=\"tiled-gallery-caption\" itemprop=\"caption description\"> Rercherche avec un D.V.A. <\/div> <\/div> <\/div> <\/div> <\/div>\n<p style=\"text-align: justify;\"><span style=\"font-family: 'trebuchet ms', geneva, sans-serif;\">Plus de photos par \u00a9Marie<br \/>\n<a href=\"https:\/\/picasaweb.google.com\/107278551388265755551\/2015_12_12_Module_Prevention_sortie_pratique?authkey=Gv1sRgCMnIpu75qYrKDA\"><img decoding=\"async\" loading=\"lazy\" class=\"alignnone\" src=\"https:\/\/i0.wp.com\/lh3.googleusercontent.com\/-Q7sn4gtpoWw\/VmxRORa7DeI\/AAAAAAAA3Ag\/3PY2akkhpXk\/s720-Ic42\/PC120036.JPG?resize=256%2C171&#038;ssl=1\" alt=\"\" width=\"256\" height=\"171\" data-recalc-dims=\"1\" \/><\/a><br \/>\n<\/span><\/p>\n<p style=\"text-align: justify;\"><span style=\"font-family: 'trebuchet ms', geneva, sans-serif;\"><br \/>\nCette action a re\u00e7u le soutien :<br \/>\n<\/span><\/p>\n<table class=\" aligncenter\" style=\"width: 600px;\">\n<tbody>\n<tr>\n<td style=\"width: 300px;\">de la\u00a0<a href=\"https:\/\/lannuaire.service-public.fr\/provence-alpes-cote-d-azur\/alpes-maritimes\/ddcs-06088-01\">Direction D\u00e9partemental de Coh\u00e9sion S<\/a>ociale<\/td>\n<td style=\"width: 300px;\">du <a href=\"https:\/\/www.departement06.fr\/\">Conseil d\u00e9partemental<\/a><\/td>\n<td style=\"width: 300px;\">de l&rsquo;<a href=\"http:\/\/www.anena.org\/\">A.N.E.N.A.<\/a> pour l&rsquo;utilisation de supports p\u00e9dagogiques et des<br \/>\ncadres formateurs<br \/>\ndu D\u00e9partement 06<\/td>\n<\/tr>\n<tr>\n<td><img data-attachment-id=\"2569\" data-permalink=\"http:\/\/cd06ffme.fr\/WordPress3\/ddcs\/\" data-orig-file=\"https:\/\/i0.wp.com\/cd06ffme.fr\/WordPress3\/wp-content\/uploads\/2015\/09\/DDCS.jpeg?fit=120%2C149\" data-orig-size=\"120,149\" data-comments-opened=\"0\" data-image-meta=\"{&quot;aperture&quot;:&quot;0&quot;,&quot;credit&quot;:&quot;&quot;,&quot;camera&quot;:&quot;&quot;,&quot;caption&quot;:&quot;&quot;,&quot;created_timestamp&quot;:&quot;0&quot;,&quot;copyright&quot;:&quot;&quot;,&quot;focal_length&quot;:&quot;0&quot;,&quot;iso&quot;:&quot;0&quot;,&quot;shutter_speed&quot;:&quot;0&quot;,&quot;title&quot;:&quot;&quot;,&quot;orientation&quot;:&quot;1&quot;}\" data-image-title=\"DDCS\" data-image-description=\"\" data-image-caption=\"\" data-medium-file=\"https:\/\/i0.wp.com\/cd06ffme.fr\/WordPress3\/wp-content\/uploads\/2015\/09\/DDCS.jpeg?fit=120%2C149\" data-large-file=\"https:\/\/i0.wp.com\/cd06ffme.fr\/WordPress3\/wp-content\/uploads\/2015\/09\/DDCS.jpeg?fit=120%2C149\" decoding=\"async\" loading=\"lazy\" class=\"wp-image-2569 aligncenter\" src=\"https:\/\/i0.wp.com\/cd06ffme.fr\/WordPress3\/wp-content\/uploads\/2015\/09\/DDCS.jpeg?resize=30%2C37\" alt=\"DDCS\" width=\"30\" height=\"37\" data-recalc-dims=\"1\" \/><\/td>\n<td><img data-attachment-id=\"2567\" data-permalink=\"http:\/\/cd06ffme.fr\/WordPress3\/securite-montagne-initiation-sensibilisation\/d06\/\" data-orig-file=\"https:\/\/i0.wp.com\/cd06ffme.fr\/WordPress3\/wp-content\/uploads\/2015\/09\/D06.jpg?fit=500%2C100\" data-orig-size=\"500,100\" data-comments-opened=\"0\" data-image-meta=\"{&quot;aperture&quot;:&quot;0&quot;,&quot;credit&quot;:&quot;&quot;,&quot;camera&quot;:&quot;&quot;,&quot;caption&quot;:&quot;&quot;,&quot;created_timestamp&quot;:&quot;0&quot;,&quot;copyright&quot;:&quot;&quot;,&quot;focal_length&quot;:&quot;0&quot;,&quot;iso&quot;:&quot;0&quot;,&quot;shutter_speed&quot;:&quot;0&quot;,&quot;title&quot;:&quot;&quot;,&quot;orientation&quot;:&quot;0&quot;}\" data-image-title=\"D06\" data-image-description=\"\" data-image-caption=\"\" data-medium-file=\"https:\/\/i0.wp.com\/cd06ffme.fr\/WordPress3\/wp-content\/uploads\/2015\/09\/D06.jpg?fit=300%2C60\" data-large-file=\"https:\/\/i0.wp.com\/cd06ffme.fr\/WordPress3\/wp-content\/uploads\/2015\/09\/D06.jpg?fit=500%2C100\" decoding=\"async\" loading=\"lazy\" class=\"wp-image-2567 aligncenter\" src=\"https:\/\/i0.wp.com\/cd06ffme.fr\/WordPress3\/wp-content\/uploads\/2015\/09\/D06.jpg?resize=185%2C37\" alt=\"D06\" width=\"185\" height=\"37\" srcset=\"https:\/\/i0.wp.com\/cd06ffme.fr\/WordPress3\/wp-content\/uploads\/2015\/09\/D06.jpg?w=500 500w, https:\/\/i0.wp.com\/cd06ffme.fr\/WordPress3\/wp-content\/uploads\/2015\/09\/D06.jpg?resize=300%2C60 300w\" sizes=\"(max-width: 185px) 100vw, 185px\" data-recalc-dims=\"1\" \/><\/td>\n<td><img data-attachment-id=\"2566\" data-permalink=\"http:\/\/cd06ffme.fr\/WordPress3\/securite-montagne-initiation-sensibilisation\/anena\/\" data-orig-file=\"https:\/\/i0.wp.com\/cd06ffme.fr\/WordPress3\/wp-content\/uploads\/2015\/09\/ANENA.jpeg?fit=1152%2C1424\" data-orig-size=\"1152,1424\" data-comments-opened=\"0\" data-image-meta=\"{&quot;aperture&quot;:&quot;0&quot;,&quot;credit&quot;:&quot;&quot;,&quot;camera&quot;:&quot;&quot;,&quot;caption&quot;:&quot;&quot;,&quot;created_timestamp&quot;:&quot;0&quot;,&quot;copyright&quot;:&quot;&quot;,&quot;focal_length&quot;:&quot;0&quot;,&quot;iso&quot;:&quot;0&quot;,&quot;shutter_speed&quot;:&quot;0&quot;,&quot;title&quot;:&quot;&quot;,&quot;orientation&quot;:&quot;0&quot;}\" data-image-title=\"ANENA\" data-image-description=\"\" data-image-caption=\"\" data-medium-file=\"https:\/\/i0.wp.com\/cd06ffme.fr\/WordPress3\/wp-content\/uploads\/2015\/09\/ANENA.jpeg?fit=243%2C300\" data-large-file=\"https:\/\/i0.wp.com\/cd06ffme.fr\/WordPress3\/wp-content\/uploads\/2015\/09\/ANENA.jpeg?fit=580%2C717\" decoding=\"async\" loading=\"lazy\" class=\"wp-image-2566 aligncenter\" src=\"https:\/\/i0.wp.com\/cd06ffme.fr\/WordPress3\/wp-content\/uploads\/2015\/09\/ANENA.jpeg?resize=30%2C37\" alt=\"ANENA\" width=\"30\" height=\"37\" srcset=\"https:\/\/i0.wp.com\/cd06ffme.fr\/WordPress3\/wp-content\/uploads\/2015\/09\/ANENA.jpeg?resize=828%2C1024 828w, https:\/\/i0.wp.com\/cd06ffme.fr\/WordPress3\/wp-content\/uploads\/2015\/09\/ANENA.jpeg?resize=243%2C300 243w, https:\/\/i0.wp.com\/cd06ffme.fr\/WordPress3\/wp-content\/uploads\/2015\/09\/ANENA.jpeg?w=1152 1152w\" sizes=\"(max-width: 30px) 100vw, 30px\" data-recalc-dims=\"1\" \/><\/td>\n<\/tr>\n<\/tbody>\n<\/table>\n","protected":false},"excerpt":{"rendered":"<p>Fin de la programmation s\u00e9curit\u00e9 Montagne organis\u00e9e par le CD06 FFME avec le soutien de la DDCS. Trois modules th\u00e9oriques en soir\u00e9e dans les locaux du Comit\u00e9 D\u00e9partemental \u00a0et une [&hellip;]<\/p>\n","protected":false},"author":1,"featured_media":0,"comment_status":"closed","ping_status":"closed","sticky":false,"template":"","format":"standard","meta":{"jetpack_post_was_ever_published":false,"_jetpack_newsletter_access":"","_jetpack_newsletter_tier_id":0,"footnotes":"","jetpack_publicize_message":"","jetpack_is_tweetstorm":false,"jetpack_publicize_feature_enabled":true,"jetpack_social_post_already_shared":true,"jetpack_social_options":{"image_generator_settings":{"template":"highway","enabled":false}}},"categories":[117],"tags":[22],"jetpack_publicize_connections":[],"yoast_head":"<!-- This site is optimized with the Yoast SEO plugin v21.5 - https:\/\/yoast.com\/wordpress\/plugins\/seo\/ -->\n<title>S\u00e9curit\u00e9 Montagne - Initiation - Sensibilisation | F\u00e9d\u00e9ration Fran\u00e7aise Montagne Escalade<\/title>\n<meta name=\"robots\" content=\"index, follow, max-snippet:-1, max-image-preview:large, max-video-preview:-1\" \/>\n<link rel=\"canonical\" href=\"http:\/\/cd06ffme.fr\/WordPress3\/securite-montagne-initiation-sensibilisation\/\" \/>\n<meta property=\"og:locale\" content=\"fr_FR\" \/>\n<meta property=\"og:type\" content=\"article\" \/>\n<meta property=\"og:title\" content=\"S\u00e9curit\u00e9 Montagne - Initiation - Sensibilisation | F\u00e9d\u00e9ration Fran\u00e7aise Montagne Escalade\" \/>\n<meta property=\"og:description\" content=\"Fin de la programmation s\u00e9curit\u00e9 Montagne organis\u00e9e par le CD06 FFME avec le soutien de la DDCS. Trois modules th\u00e9oriques en soir\u00e9e dans les locaux du Comit\u00e9 D\u00e9partemental \u00a0et une [&hellip;]\" \/>\n<meta property=\"og:url\" content=\"http:\/\/cd06ffme.fr\/WordPress3\/securite-montagne-initiation-sensibilisation\/\" \/>\n<meta property=\"og:site_name\" content=\"F\u00e9d\u00e9ration Fran\u00e7aise Montagne Escalade\" \/>\n<meta property=\"article:publisher\" content=\"https:\/\/www.facebook.com\/CT06FFME\" \/>\n<meta property=\"article:published_time\" content=\"2015-12-14T08:30:10+00:00\" \/>\n<meta property=\"article:modified_time\" content=\"2015-12-14T11:22:38+00:00\" \/>\n<meta property=\"og:image\" content=\"https:\/\/i0.wp.com\/cd06ffme.fr\/WordPress3\/wp-content\/uploads\/2015\/12\/IMG_20151212_143108016.jpg?w=576&#038;h=576&#038;crop=1\" \/>\n<meta name=\"author\" content=\"admin\" \/>\n<meta name=\"twitter:card\" content=\"summary_large_image\" \/>\n<meta name=\"twitter:label1\" content=\"\u00c9crit par\" \/>\n\t<meta name=\"twitter:data1\" content=\"admin\" \/>\n\t<meta name=\"twitter:label2\" content=\"Dur\u00e9e de lecture estim\u00e9e\" \/>\n\t<meta name=\"twitter:data2\" content=\"1 minute\" \/>\n<script type=\"application\/ld+json\" class=\"yoast-schema-graph\">{\"@context\":\"https:\/\/schema.org\",\"@graph\":[{\"@type\":\"Article\",\"@id\":\"http:\/\/cd06ffme.fr\/WordPress3\/securite-montagne-initiation-sensibilisation\/#article\",\"isPartOf\":{\"@id\":\"http:\/\/cd06ffme.fr\/WordPress3\/securite-montagne-initiation-sensibilisation\/\"},\"author\":{\"name\":\"admin\",\"@id\":\"https:\/\/cd06ffme.fr\/WordPress3\/#\/schema\/person\/d43605ef0d5681c1b27a4ba1fede1cf4\"},\"headline\":\"S\u00e9curit\u00e9 Montagne &#8211; Initiation &#8211; Sensibilisation\",\"datePublished\":\"2015-12-14T08:30:10+00:00\",\"dateModified\":\"2015-12-14T11:22:38+00:00\",\"mainEntityOfPage\":{\"@id\":\"http:\/\/cd06ffme.fr\/WordPress3\/securite-montagne-initiation-sensibilisation\/\"},\"wordCount\":240,\"publisher\":{\"@id\":\"https:\/\/cd06ffme.fr\/WordPress3\/#organization\"},\"keywords\":[\"DVA\"],\"articleSection\":[\"Sensibilisation\"],\"inLanguage\":\"fr-FR\"},{\"@type\":\"WebPage\",\"@id\":\"http:\/\/cd06ffme.fr\/WordPress3\/securite-montagne-initiation-sensibilisation\/\",\"url\":\"http:\/\/cd06ffme.fr\/WordPress3\/securite-montagne-initiation-sensibilisation\/\",\"name\":\"S\u00e9curit\u00e9 Montagne - Initiation - Sensibilisation | F\u00e9d\u00e9ration Fran\u00e7aise Montagne Escalade\",\"isPartOf\":{\"@id\":\"https:\/\/cd06ffme.fr\/WordPress3\/#website\"},\"datePublished\":\"2015-12-14T08:30:10+00:00\",\"dateModified\":\"2015-12-14T11:22:38+00:00\",\"breadcrumb\":{\"@id\":\"http:\/\/cd06ffme.fr\/WordPress3\/securite-montagne-initiation-sensibilisation\/#breadcrumb\"},\"inLanguage\":\"fr-FR\",\"potentialAction\":[{\"@type\":\"ReadAction\",\"target\":[\"http:\/\/cd06ffme.fr\/WordPress3\/securite-montagne-initiation-sensibilisation\/\"]}]},{\"@type\":\"BreadcrumbList\",\"@id\":\"http:\/\/cd06ffme.fr\/WordPress3\/securite-montagne-initiation-sensibilisation\/#breadcrumb\",\"itemListElement\":[{\"@type\":\"ListItem\",\"position\":1,\"name\":\"Accueil\",\"item\":\"http:\/\/cd06ffme.fr\/WordPress3\/\"},{\"@type\":\"ListItem\",\"position\":2,\"name\":\"S\u00e9curit\u00e9 Montagne &#8211; Initiation &#8211; Sensibilisation\"}]},{\"@type\":\"WebSite\",\"@id\":\"https:\/\/cd06ffme.fr\/WordPress3\/#website\",\"url\":\"https:\/\/cd06ffme.fr\/WordPress3\/\",\"name\":\"F\u00e9d\u00e9ration Fran\u00e7aise Montagne Escalade 06\",\"description\":\"\",\"publisher\":{\"@id\":\"https:\/\/cd06ffme.fr\/WordPress3\/#organization\"},\"potentialAction\":[{\"@type\":\"SearchAction\",\"target\":{\"@type\":\"EntryPoint\",\"urlTemplate\":\"https:\/\/cd06ffme.fr\/WordPress3\/?s={search_term_string}\"},\"query-input\":\"required name=search_term_string\"}],\"inLanguage\":\"fr-FR\"},{\"@type\":\"Organization\",\"@id\":\"https:\/\/cd06ffme.fr\/WordPress3\/#organization\",\"name\":\"Comit\u00e9 Territorial des Alpes Maritimes F\u00e9d\u00e9ration Fran\u00e7aise de Montagne et d'Escalade\",\"url\":\"https:\/\/cd06ffme.fr\/WordPress3\/\",\"logo\":{\"@type\":\"ImageObject\",\"inLanguage\":\"fr-FR\",\"@id\":\"https:\/\/cd06ffme.fr\/WordPress3\/#\/schema\/logo\/image\/\",\"url\":\"https:\/\/i0.wp.com\/cd06ffme.fr\/WordPress3\/wp-content\/uploads\/2020\/12\/cropped-FFME_LOGO_INSTIT_SECONDAIRE_FOND_CLAIR_CMJN-2-1.png?fit=1705%2C547\",\"contentUrl\":\"https:\/\/i0.wp.com\/cd06ffme.fr\/WordPress3\/wp-content\/uploads\/2020\/12\/cropped-FFME_LOGO_INSTIT_SECONDAIRE_FOND_CLAIR_CMJN-2-1.png?fit=1705%2C547\",\"width\":1705,\"height\":547,\"caption\":\"Comit\u00e9 Territorial des Alpes Maritimes F\u00e9d\u00e9ration Fran\u00e7aise de Montagne et d'Escalade\"},\"image\":{\"@id\":\"https:\/\/cd06ffme.fr\/WordPress3\/#\/schema\/logo\/image\/\"},\"sameAs\":[\"https:\/\/www.facebook.com\/CT06FFME\",\"https:\/\/www.instagram.com\/ct06_ffme_montagne_escalade\/\",\"https:\/\/www.youtube.com\/channel\/UCOfq1FRfAZlbV6N7LCCd-lg\"]},{\"@type\":\"Person\",\"@id\":\"https:\/\/cd06ffme.fr\/WordPress3\/#\/schema\/person\/d43605ef0d5681c1b27a4ba1fede1cf4\",\"name\":\"admin\",\"image\":{\"@type\":\"ImageObject\",\"inLanguage\":\"fr-FR\",\"@id\":\"https:\/\/cd06ffme.fr\/WordPress3\/#\/schema\/person\/image\/\",\"url\":\"http:\/\/0.gravatar.com\/avatar\/3cba1244ffff88a12daaa69e86a1884e?s=96&d=wavatar&r=g\",\"contentUrl\":\"http:\/\/0.gravatar.com\/avatar\/3cba1244ffff88a12daaa69e86a1884e?s=96&d=wavatar&r=g\",\"caption\":\"admin\"},\"url\":\"http:\/\/cd06ffme.fr\/WordPress3\/author\/admin\/\"}]}<\/script>\n<!-- \/ Yoast SEO plugin. -->","yoast_head_json":{"title":"S\u00e9curit\u00e9 Montagne - Initiation - Sensibilisation | F\u00e9d\u00e9ration Fran\u00e7aise Montagne Escalade","robots":{"index":"index","follow":"follow","max-snippet":"max-snippet:-1","max-image-preview":"max-image-preview:large","max-video-preview":"max-video-preview:-1"},"canonical":"http:\/\/cd06ffme.fr\/WordPress3\/securite-montagne-initiation-sensibilisation\/","og_locale":"fr_FR","og_type":"article","og_title":"S\u00e9curit\u00e9 Montagne - Initiation - Sensibilisation | F\u00e9d\u00e9ration Fran\u00e7aise Montagne Escalade","og_description":"Fin de la programmation s\u00e9curit\u00e9 Montagne organis\u00e9e par le CD06 FFME avec le soutien de la DDCS. Trois modules th\u00e9oriques en soir\u00e9e dans les locaux du Comit\u00e9 D\u00e9partemental \u00a0et une [&hellip;]","og_url":"http:\/\/cd06ffme.fr\/WordPress3\/securite-montagne-initiation-sensibilisation\/","og_site_name":"F\u00e9d\u00e9ration Fran\u00e7aise Montagne Escalade","article_publisher":"https:\/\/www.facebook.com\/CT06FFME","article_published_time":"2015-12-14T08:30:10+00:00","article_modified_time":"2015-12-14T11:22:38+00:00","og_image":[{"url":"https:\/\/i0.wp.com\/cd06ffme.fr\/WordPress3\/wp-content\/uploads\/2015\/12\/IMG_20151212_143108016.jpg?w=576&#038;h=576&#038;crop=1"}],"author":"admin","twitter_card":"summary_large_image","twitter_misc":{"\u00c9crit par":"admin","Dur\u00e9e de lecture estim\u00e9e":"1 minute"},"schema":{"@context":"https:\/\/schema.org","@graph":[{"@type":"Article","@id":"http:\/\/cd06ffme.fr\/WordPress3\/securite-montagne-initiation-sensibilisation\/#article","isPartOf":{"@id":"http:\/\/cd06ffme.fr\/WordPress3\/securite-montagne-initiation-sensibilisation\/"},"author":{"name":"admin","@id":"https:\/\/cd06ffme.fr\/WordPress3\/#\/schema\/person\/d43605ef0d5681c1b27a4ba1fede1cf4"},"headline":"S\u00e9curit\u00e9 Montagne &#8211; Initiation &#8211; Sensibilisation","datePublished":"2015-12-14T08:30:10+00:00","dateModified":"2015-12-14T11:22:38+00:00","mainEntityOfPage":{"@id":"http:\/\/cd06ffme.fr\/WordPress3\/securite-montagne-initiation-sensibilisation\/"},"wordCount":240,"publisher":{"@id":"https:\/\/cd06ffme.fr\/WordPress3\/#organization"},"keywords":["DVA"],"articleSection":["Sensibilisation"],"inLanguage":"fr-FR"},{"@type":"WebPage","@id":"http:\/\/cd06ffme.fr\/WordPress3\/securite-montagne-initiation-sensibilisation\/","url":"http:\/\/cd06ffme.fr\/WordPress3\/securite-montagne-initiation-sensibilisation\/","name":"S\u00e9curit\u00e9 Montagne - Initiation - Sensibilisation | F\u00e9d\u00e9ration Fran\u00e7aise Montagne Escalade","isPartOf":{"@id":"https:\/\/cd06ffme.fr\/WordPress3\/#website"},"datePublished":"2015-12-14T08:30:10+00:00","dateModified":"2015-12-14T11:22:38+00:00","breadcrumb":{"@id":"http:\/\/cd06ffme.fr\/WordPress3\/securite-montagne-initiation-sensibilisation\/#breadcrumb"},"inLanguage":"fr-FR","potentialAction":[{"@type":"ReadAction","target":["http:\/\/cd06ffme.fr\/WordPress3\/securite-montagne-initiation-sensibilisation\/"]}]},{"@type":"BreadcrumbList","@id":"http:\/\/cd06ffme.fr\/WordPress3\/securite-montagne-initiation-sensibilisation\/#breadcrumb","itemListElement":[{"@type":"ListItem","position":1,"name":"Accueil","item":"http:\/\/cd06ffme.fr\/WordPress3\/"},{"@type":"ListItem","position":2,"name":"S\u00e9curit\u00e9 Montagne &#8211; Initiation &#8211; Sensibilisation"}]},{"@type":"WebSite","@id":"https:\/\/cd06ffme.fr\/WordPress3\/#website","url":"https:\/\/cd06ffme.fr\/WordPress3\/","name":"F\u00e9d\u00e9ration Fran\u00e7aise Montagne Escalade 06","description":"","publisher":{"@id":"https:\/\/cd06ffme.fr\/WordPress3\/#organization"},"potentialAction":[{"@type":"SearchAction","target":{"@type":"EntryPoint","urlTemplate":"https:\/\/cd06ffme.fr\/WordPress3\/?s={search_term_string}"},"query-input":"required name=search_term_string"}],"inLanguage":"fr-FR"},{"@type":"Organization","@id":"https:\/\/cd06ffme.fr\/WordPress3\/#organization","name":"Comit\u00e9 Territorial des Alpes Maritimes F\u00e9d\u00e9ration Fran\u00e7aise de Montagne et d'Escalade","url":"https:\/\/cd06ffme.fr\/WordPress3\/","logo":{"@type":"ImageObject","inLanguage":"fr-FR","@id":"https:\/\/cd06ffme.fr\/WordPress3\/#\/schema\/logo\/image\/","url":"https:\/\/i0.wp.com\/cd06ffme.fr\/WordPress3\/wp-content\/uploads\/2020\/12\/cropped-FFME_LOGO_INSTIT_SECONDAIRE_FOND_CLAIR_CMJN-2-1.png?fit=1705%2C547","contentUrl":"https:\/\/i0.wp.com\/cd06ffme.fr\/WordPress3\/wp-content\/uploads\/2020\/12\/cropped-FFME_LOGO_INSTIT_SECONDAIRE_FOND_CLAIR_CMJN-2-1.png?fit=1705%2C547","width":1705,"height":547,"caption":"Comit\u00e9 Territorial des Alpes Maritimes F\u00e9d\u00e9ration Fran\u00e7aise de Montagne et d'Escalade"},"image":{"@id":"https:\/\/cd06ffme.fr\/WordPress3\/#\/schema\/logo\/image\/"},"sameAs":["https:\/\/www.facebook.com\/CT06FFME","https:\/\/www.instagram.com\/ct06_ffme_montagne_escalade\/","https:\/\/www.youtube.com\/channel\/UCOfq1FRfAZlbV6N7LCCd-lg"]},{"@type":"Person","@id":"https:\/\/cd06ffme.fr\/WordPress3\/#\/schema\/person\/d43605ef0d5681c1b27a4ba1fede1cf4","name":"admin","image":{"@type":"ImageObject","inLanguage":"fr-FR","@id":"https:\/\/cd06ffme.fr\/WordPress3\/#\/schema\/person\/image\/","url":"http:\/\/0.gravatar.com\/avatar\/3cba1244ffff88a12daaa69e86a1884e?s=96&d=wavatar&r=g","contentUrl":"http:\/\/0.gravatar.com\/avatar\/3cba1244ffff88a12daaa69e86a1884e?s=96&d=wavatar&r=g","caption":"admin"},"url":"http:\/\/cd06ffme.fr\/WordPress3\/author\/admin\/"}]}},"jetpack_featured_media_url":"","jetpack_sharing_enabled":true,"jetpack_shortlink":"https:\/\/wp.me\/p2LN8m-IM","_links":{"self":[{"href":"http:\/\/cd06ffme.fr\/WordPress3\/wp-json\/wp\/v2\/posts\/2776"}],"collection":[{"href":"http:\/\/cd06ffme.fr\/WordPress3\/wp-json\/wp\/v2\/posts"}],"about":[{"href":"http:\/\/cd06ffme.fr\/WordPress3\/wp-json\/wp\/v2\/types\/post"}],"author":[{"embeddable":true,"href":"http:\/\/cd06ffme.fr\/WordPress3\/wp-json\/wp\/v2\/users\/1"}],"replies":[{"embeddable":true,"href":"http:\/\/cd06ffme.fr\/WordPress3\/wp-json\/wp\/v2\/comments?post=2776"}],"version-history":[{"count":7,"href":"http:\/\/cd06ffme.fr\/WordPress3\/wp-json\/wp\/v2\/posts\/2776\/revisions"}],"predecessor-version":[{"id":2782,"href":"http:\/\/cd06ffme.fr\/WordPress3\/wp-json\/wp\/v2\/posts\/2776\/revisions\/2782"}],"wp:attachment":[{"href":"http:\/\/cd06ffme.fr\/WordPress3\/wp-json\/wp\/v2\/media?parent=2776"}],"wp:term":[{"taxonomy":"category","embeddable":true,"href":"http:\/\/cd06ffme.fr\/WordPress3\/wp-json\/wp\/v2\/categories?post=2776"},{"taxonomy":"post_tag","embeddable":true,"href":"http:\/\/cd06ffme.fr\/WordPress3\/wp-json\/wp\/v2\/tags?post=2776"}],"curies":[{"name":"wp","href":"https:\/\/api.w.org\/{rel}","templated":true}]}}