{"id":1151,"date":"2013-04-07T06:57:24","date_gmt":"2013-04-07T04:57:24","guid":{"rendered":"http:\/\/cd06ffme.fr\/WordPress3\/?p=1151"},"modified":"2013-04-07T07:02:34","modified_gmt":"2013-04-07T05:02:34","slug":"formation-neige-et-avalanche","status":"publish","type":"post","link":"http:\/\/cd06ffme.fr\/WordPress3\/formation-neige-et-avalanche\/","title":{"rendered":"Formation Neige et Avalanche"},"content":{"rendered":"<p style=\"text-align: justify;\"><span style=\"font-size: small;\"><span style=\"font-family: Trebuchet;\"><a href=\"https:\/\/i0.wp.com\/cd06ffme.fr\/WordPress3\/wp-content\/uploads\/2012\/01\/ARVA09_Colmiane5.jpg\"><img data-attachment-id=\"119\" data-permalink=\"http:\/\/cd06ffme.fr\/WordPress3\/olympus-digital-camera-2\/\" data-orig-file=\"https:\/\/i0.wp.com\/cd06ffme.fr\/WordPress3\/wp-content\/uploads\/2012\/01\/ARVA09_Colmiane5.jpg?fit=500%2C375\" data-orig-size=\"500,375\" data-comments-opened=\"0\" data-image-meta=\"{&quot;aperture&quot;:&quot;10&quot;,&quot;credit&quot;:&quot;&quot;,&quot;camera&quot;:&quot;u-miniS,StylusVS&quot;,&quot;caption&quot;:&quot;&quot;,&quot;created_timestamp&quot;:&quot;1234102946&quot;,&quot;copyright&quot;:&quot;&quot;,&quot;focal_length&quot;:&quot;5.8&quot;,&quot;iso&quot;:&quot;64&quot;,&quot;shutter_speed&quot;:&quot;0.003125&quot;,&quot;title&quot;:&quot;OLYMPUS DIGITAL CAMERA&quot;}\" data-image-title=\"OLYMPUS DIGITAL CAMERA\" data-image-description=\"\" data-image-caption=\"\" data-medium-file=\"https:\/\/i0.wp.com\/cd06ffme.fr\/WordPress3\/wp-content\/uploads\/2012\/01\/ARVA09_Colmiane5.jpg?fit=300%2C225\" data-large-file=\"https:\/\/i0.wp.com\/cd06ffme.fr\/WordPress3\/wp-content\/uploads\/2012\/01\/ARVA09_Colmiane5.jpg?fit=500%2C375\" decoding=\"async\" class=\" wp-image-119 alignleft\" style=\"margin-right: 5px; margin-left: 5px; border: 1px solid black;\" alt=\"OLYMPUS DIGITAL CAMERA\" src=\"https:\/\/i0.wp.com\/cd06ffme.fr\/WordPress3\/wp-content\/uploads\/2012\/01\/ARVA09_Colmiane5.jpg?w=580\" srcset=\"https:\/\/i0.wp.com\/cd06ffme.fr\/WordPress3\/wp-content\/uploads\/2012\/01\/ARVA09_Colmiane5.jpg?w=500 500w, https:\/\/i0.wp.com\/cd06ffme.fr\/WordPress3\/wp-content\/uploads\/2012\/01\/ARVA09_Colmiane5.jpg?resize=300%2C225 300w\" sizes=\"(max-width: 500px) 100vw, 500px\" data-recalc-dims=\"1\" \/><\/a>Bonjour<\/span><\/span><span style=\"font-family: Arial;\"><br \/>\n<\/span><span style=\"font-size: small;\"><span style=\"font-family: Andale Mono;\">Comme annonc\u00e9 \u00e0 une majorit\u00e9 des pratiquants durant cette p\u00e9riode hivernale, le <a href=\"http:\/\/www.ffme.fr\/club\/1184.html\">CDJ Rando<\/a> 06 organise une formation sur la connaissance de la neige et de risque d\u2019avalanche et, au cas ou, rechercher une victime d\u2019une coul\u00e9e d\u2019avalanche.<br \/>\n<\/span><\/span><span style=\"font-size: small;\"><span style=\"font-family: Andale Mono;\">Cette formation est ouverte \u00e0 tous les clubs du <a href=\"https:\/\/www.facebook.com\/pages\/FFME-Comit%C3%A9-R%C3%A9gional-C%C3%B4te-dAzur-Alpinisme\/203445409693604?ref=tn_tnmn\">comit\u00e9 R\u00e9gional \u00ab C\u00f4te d\u2019Azur \u00bb<\/a>.<br \/>\n<\/span><\/span><span style=\"font-family: Arial;\"><br \/>\n<\/span><span style=\"font-size: small;\"><span style=\"font-family: Andale Mono;\"><b>Contenu de la Formation et du Test :<br \/>\n<\/b><\/span><\/span><span style=\"font-size: small;\"><span style=\"font-family: Andale Mono;\">Formation th\u00e9orique avec pour objectif :<br \/>\n<\/span><\/span><\/p>\n<ul style=\"text-align: justify;\">\n<li><span style=\"font-size: small;\"><span style=\"font-family: Andale Mono;\">Conna\u00eetre les ph\u00e9nom\u00e8nes<\/span><\/span><\/li>\n<li><span style=\"font-size: small;\"><span style=\"font-family: Andale Mono;\">Conna\u00eetre les principales situations \u00e0 risque<\/span><\/span><\/li>\n<li><span style=\"font-size: small;\"><span style=\"font-family: Andale Mono;\">Savoir estimer le risque d\u2019avalanche par la m\u00e9thode 3&#215;3<\/span><\/span><\/li>\n<li><span style=\"font-size: small;\"><span style=\"font-family: Andale Mono;\">Savoir faire face \u00e0 un accident.<\/span><\/span><span style=\"font-family: Arial;\"><br \/>\n<\/span><\/li>\n<\/ul>\n<p style=\"text-align: justify;\"><span style=\"font-family: Arial;\"><!--more--><br \/>\n<\/span><span style=\"font-size: small;\"><span style=\"font-family: Andale Mono;\">Formation pratique :<br \/>\n<\/span><\/span><\/p>\n<ul style=\"text-align: justify;\">\n<li><span style=\"font-size: small;\"><span style=\"font-family: Andale Mono;\">Analyse cristaux et grains<\/span><\/span><\/li>\n<li><span style=\"font-size: small;\"><span style=\"font-family: Andale Mono;\">Analyse manteaux neigeux<\/span><\/span><\/li>\n<li><span style=\"font-size: small;\"><span style=\"font-family: Andale Mono;\">Fonctionnement de plusieurs DVA(D\u00e9tecteur Victime d\u2019Avalanche)<\/span><\/span><\/li>\n<li><span style=\"font-size: small;\"><span style=\"font-family: Andale Mono;\">Analyse terrains propices aux diff\u00e9rents types d&rsquo;avalanche<\/span><\/span><span style=\"font-family: Arial;\"><br \/>\n<\/span><\/li>\n<\/ul>\n<p style=\"text-align: justify;\"><span style=\"font-size: small;\"><span style=\"font-family: Andale Mono;\">Test :<br \/>\n<\/span><\/span><\/p>\n<ul style=\"text-align: justify;\">\n<li><span style=\"font-size: small;\"><span style=\"font-family: Andale Mono;\">Recherche de 2 DVA, espac\u00e9s de 10 m, sous 80 cm de neige en moins de 10 mn,<\/span><\/span><\/li>\n<li><span style=\"font-size: small;\"><span style=\"font-family: Andale Mono;\">D\u00e9neigement d&rsquo;un objet \u00e0 un m\u00e8tre de profondeur en un minimum de temps,<\/span><\/span><\/li>\n<li><span style=\"font-size: small;\"><span style=\"font-family: Andale Mono;\">R\u00e9ponse \u00e0 un questionnaire \u00e9crit avec note mini de 15\/20<\/span><\/span><span style=\"font-family: Arial;\"><br \/>\n<\/span><\/li>\n<\/ul>\n<p style=\"text-align: justify;\"><span style=\"font-family: Arial;\"><br \/>\n<\/span><span style=\"font-size: small;\"><span style=\"font-family: Andale Mono;\">La formation th\u00e9orique et la formation pratique vous permettront d\u2019atteindre le niveau n\u00e9cessaire pour que le test ne soit qu\u2019une simple formalit\u00e9.<br \/>\n<\/span><\/span><span style=\"font-family: Arial;\"><br \/>\n<\/span><span style=\"font-size: small;\"><span style=\"font-family: Andale Mono;\">Pour celles et ceux qui ont tr\u00e8s peu de pratique de recherche avec un DVA, des s\u00e9ances compl\u00e9mentaires pourront \u00eatre mise en place.<br \/>\n<\/span><\/span><span style=\"font-family: Arial;\"><br \/>\n<\/span><span style=\"font-size: small;\"><span style=\"font-family: Andale Mono;\"><b>Organisation :<br \/>\n<\/b><\/span><\/span><span style=\"font-family: Arial;\"><br \/>\n<\/span><span style=\"font-size: small;\"><span style=\"font-family: Andale Mono;\">Formation th\u00e9orique de 9 heures r\u00e9partie en 3 s\u00e9ances de 3 heures de 20h00 \u00e0 23h00:<br \/>\n<\/span><\/span><\/p>\n<ul style=\"text-align: justify;\">\n<li><span style=\"font-size: small;\"><span style=\"font-family: Andale Mono;\">Jeudi 11 avril<\/span><\/span><\/li>\n<li><span style=\"font-size: small;\"><span style=\"font-family: Andale Mono;\">Lundi 15 avril<\/span><\/span><\/li>\n<li><span style=\"font-size: small;\"><span style=\"font-family: Andale Mono;\">Lundi 22 avril<\/span><\/span><span style=\"font-family: Arial;\"><br \/>\n<\/span><\/li>\n<\/ul>\n<p style=\"text-align: justify;\"><span style=\"font-size: small;\"><span style=\"font-family: Andale Mono;\">Lieu : 34 avenue Denis SEMERIA 06300 NICE<br \/>\n<\/span><\/span><span style=\"font-family: Arial;\"><br \/>\n<\/span><span style=\"font-size: small;\"><span style=\"font-family: Andale Mono;\"><br \/>\n<\/span><\/span><span style=\"font-size: small;\"><span style=\"font-family: Andale Mono;\">Formation Pratique &amp; Test<br \/>\n<\/span><\/span><\/p>\n<ul style=\"text-align: justify;\">\n<li><span style=\"font-size: small;\"><span style=\"font-family: Andale Mono;\">Dimanche 28 avril 2013 \u00e0 08h00<\/span><\/span><span style=\"font-family: Arial;\"><br \/>\n<\/span><\/li>\n<\/ul>\n<p style=\"text-align: justify;\"><span style=\"font-size: small;\"><span style=\"font-family: Andale Mono;\">Lieu : St Dalmas le Selvage.<br \/>\n<\/span><\/span><span style=\"font-family: Arial;\"><br \/>\n<\/span><span style=\"font-family: Arial;\"><br \/>\n<\/span><span style=\"font-size: small;\"><span style=\"font-family: Andale Mono;\">Co\u00fbt :<br \/>\n<\/span><\/span><\/p>\n<ul style=\"text-align: justify;\">\n<li><span style=\"font-size: small;\"><span style=\"font-family: Andale Mono;\">Pour adh\u00e9rents aux CDJ Rando 06 : <b>gratuit<\/b><\/span><\/span><\/li>\n<li><span style=\"font-size: small;\"><span style=\"font-family: Andale Mono;\">Pour Licenci\u00e9s FFME autre club : \u00a0\u00a0\u00a0\u00a0<b>20 \u20ac<\/b><\/span><\/span><\/li>\n<li><span style=\"font-size: small;\"><span style=\"font-family: Andale Mono;\">Pour non licenci\u00e9s FFME : \u00a0\u00a0\u00a0\u00a0\u00a0\u00a0\u00a0\u00a0\u00a0\u00a0\u00a0\u00a0\u00a0\u00a0\u00a0<b>80 \u20ac<\/b><\/span><\/span><span style=\"font-family: Arial;\"><br \/>\n<\/span><\/li>\n<\/ul>\n<p style=\"text-align: justify;\"><span style=\"font-size: small;\"><span style=\"font-family: Andale Mono;\"><br \/>\n<\/span><\/span><span style=\"font-family: Arial;\"><br \/>\n<\/span><span style=\"font-size: small;\"><span style=\"font-family: Andale Mono;\">Pour vous inscrire et obtenir les modalit\u00e9s pratiques :<br \/>\n<\/span><\/span><\/p>\n<ul style=\"text-align: justify;\">\n<li><span style=\"font-size: small;\"><span style=\"font-size: small;\"><span style=\"font-family: Andale Mono;\">R\u00e9pondre \u00e0 ce mail\u00a0 &#8211; <\/span><\/span><\/span><span style=\"color: #0000ff;\"><span style=\"font-size: small;\"><span style=\"font-family: Tahoma,Verdana,Helvetica,Arial;\"><span style=\"text-decoration: underline;\"><a href=\"bureau@cdjrando06.fr\">bureau@cdjrando06.fr<\/a><\/span><\/span><\/span><\/span><span style=\"font-size: small;\"><span style=\"font-family: Andale Mono;\"><br \/>\n<\/span><\/span><\/li>\n<li><span style=\"font-size: small;\"><span style=\"font-family: Andale Mono;\">prendre contact t\u00e9l\u00e9phonique avec Serge : 06 12 71 72 89<\/span><\/span><span style=\"font-family: Arial;\"><br \/>\n<\/span><\/li>\n<\/ul>\n<p style=\"text-align: justify;\"><span style=\"font-size: small;\"><span style=\"font-family: Andale Mono;\">Pour celles et ceux qui r\u00e9ussissent le Test, cela permettra d&rsquo;avoir, en plus d&rsquo;une connaissance de la neige et ses risques, en fonction de votre activit\u00e9 :<br \/>\n<\/span><\/span><\/p>\n<ul style=\"text-align: justify;\">\n<li><span style=\"font-size: small;\"><span style=\"font-family: Andale Mono;\">Passeport Raquette Bleu \u00a0volet Neige avalanche<\/span><\/span><\/li>\n<li><span style=\"font-size: small;\"><span style=\"font-family: Andale Mono;\">Passeport Ski Alpinisme Vert volet Neige Avalanche<\/span><\/span><span style=\"color: #888888;\"><span style=\"font-family: Arial;\"><br \/>\n<\/span><\/span><\/li>\n<\/ul>\n<p style=\"text-align: justify;\"><span style=\"color: #888888;\"><span style=\"font-size: small;\"><span style=\"font-family: Andale Mono;\"><br \/>\n<\/span><\/span><span style=\"font-family: Arial;\"><br \/>\n<\/span><span style=\"font-size: small;\"><span style=\"font-family: Andale Mono;\">Serge<\/span><\/span><\/span><\/p>\n","protected":false},"excerpt":{"rendered":"<p>Bonjour Comme annonc\u00e9 \u00e0 une majorit\u00e9 des pratiquants durant cette p\u00e9riode hivernale, le CDJ Rando 06 organise une formation sur la connaissance de la neige et de risque d\u2019avalanche et, [&hellip;]<\/p>\n","protected":false},"author":1,"featured_media":0,"comment_status":"closed","ping_status":"open","sticky":false,"template":"","format":"standard","meta":{"jetpack_post_was_ever_published":false,"_jetpack_newsletter_access":"","_jetpack_newsletter_tier_id":0,"footnotes":"","jetpack_publicize_message":"","jetpack_is_tweetstorm":false,"jetpack_publicize_feature_enabled":true,"jetpack_social_post_already_shared":true,"jetpack_social_options":{"image_generator_settings":{"template":"highway","enabled":false}}},"categories":[5,29],"tags":[18,20,22,103,21],"jetpack_publicize_connections":[],"yoast_head":"<!-- This site is optimized with the Yoast SEO plugin v21.5 - https:\/\/yoast.com\/wordpress\/plugins\/seo\/ -->\n<title>Formation Neige et Avalanche | F\u00e9d\u00e9ration Fran\u00e7aise Montagne Escalade<\/title>\n<meta name=\"robots\" content=\"index, follow, max-snippet:-1, max-image-preview:large, max-video-preview:-1\" \/>\n<link rel=\"canonical\" href=\"http:\/\/cd06ffme.fr\/WordPress3\/formation-neige-et-avalanche\/\" \/>\n<meta property=\"og:locale\" content=\"fr_FR\" \/>\n<meta property=\"og:type\" content=\"article\" \/>\n<meta property=\"og:title\" content=\"Formation Neige et Avalanche | F\u00e9d\u00e9ration Fran\u00e7aise Montagne Escalade\" \/>\n<meta property=\"og:description\" content=\"Bonjour Comme annonc\u00e9 \u00e0 une majorit\u00e9 des pratiquants durant cette p\u00e9riode hivernale, le CDJ Rando 06 organise une formation sur la connaissance de la neige et de risque d\u2019avalanche et, [&hellip;]\" \/>\n<meta property=\"og:url\" content=\"http:\/\/cd06ffme.fr\/WordPress3\/formation-neige-et-avalanche\/\" \/>\n<meta property=\"og:site_name\" content=\"F\u00e9d\u00e9ration Fran\u00e7aise Montagne Escalade\" \/>\n<meta property=\"article:publisher\" content=\"https:\/\/www.facebook.com\/CT06FFME\" \/>\n<meta property=\"article:published_time\" content=\"2013-04-07T04:57:24+00:00\" \/>\n<meta property=\"article:modified_time\" content=\"2013-04-07T05:02:34+00:00\" \/>\n<meta property=\"og:image\" content=\"http:\/\/cd06ffme.fr\/WordPress3\/wp-content\/uploads\/2012\/01\/ARVA09_Colmiane5.jpg\" \/>\n<meta name=\"author\" content=\"admin\" \/>\n<meta name=\"twitter:card\" content=\"summary_large_image\" \/>\n<meta name=\"twitter:label1\" content=\"\u00c9crit par\" \/>\n\t<meta name=\"twitter:data1\" content=\"admin\" \/>\n\t<meta name=\"twitter:label2\" content=\"Dur\u00e9e de lecture estim\u00e9e\" \/>\n\t<meta name=\"twitter:data2\" content=\"2 minutes\" \/>\n<script type=\"application\/ld+json\" class=\"yoast-schema-graph\">{\"@context\":\"https:\/\/schema.org\",\"@graph\":[{\"@type\":\"Article\",\"@id\":\"http:\/\/cd06ffme.fr\/WordPress3\/formation-neige-et-avalanche\/#article\",\"isPartOf\":{\"@id\":\"http:\/\/cd06ffme.fr\/WordPress3\/formation-neige-et-avalanche\/\"},\"author\":{\"name\":\"admin\",\"@id\":\"https:\/\/cd06ffme.fr\/WordPress3\/#\/schema\/person\/d43605ef0d5681c1b27a4ba1fede1cf4\"},\"headline\":\"Formation Neige et Avalanche\",\"datePublished\":\"2013-04-07T04:57:24+00:00\",\"dateModified\":\"2013-04-07T05:02:34+00:00\",\"mainEntityOfPage\":{\"@id\":\"http:\/\/cd06ffme.fr\/WordPress3\/formation-neige-et-avalanche\/\"},\"wordCount\":343,\"publisher\":{\"@id\":\"https:\/\/cd06ffme.fr\/WordPress3\/#organization\"},\"keywords\":[\"Clubs 06\",\"Comit\u00e9 R\u00e9gional Cote d'Azur\",\"DVA\",\"FFME\",\"Formation\"],\"articleSection\":[\"Alpinisme\",\"Club FFME\"],\"inLanguage\":\"fr-FR\"},{\"@type\":\"WebPage\",\"@id\":\"http:\/\/cd06ffme.fr\/WordPress3\/formation-neige-et-avalanche\/\",\"url\":\"http:\/\/cd06ffme.fr\/WordPress3\/formation-neige-et-avalanche\/\",\"name\":\"Formation Neige et Avalanche | F\u00e9d\u00e9ration Fran\u00e7aise Montagne Escalade\",\"isPartOf\":{\"@id\":\"https:\/\/cd06ffme.fr\/WordPress3\/#website\"},\"datePublished\":\"2013-04-07T04:57:24+00:00\",\"dateModified\":\"2013-04-07T05:02:34+00:00\",\"breadcrumb\":{\"@id\":\"http:\/\/cd06ffme.fr\/WordPress3\/formation-neige-et-avalanche\/#breadcrumb\"},\"inLanguage\":\"fr-FR\",\"potentialAction\":[{\"@type\":\"ReadAction\",\"target\":[\"http:\/\/cd06ffme.fr\/WordPress3\/formation-neige-et-avalanche\/\"]}]},{\"@type\":\"BreadcrumbList\",\"@id\":\"http:\/\/cd06ffme.fr\/WordPress3\/formation-neige-et-avalanche\/#breadcrumb\",\"itemListElement\":[{\"@type\":\"ListItem\",\"position\":1,\"name\":\"Accueil\",\"item\":\"http:\/\/cd06ffme.fr\/WordPress3\/\"},{\"@type\":\"ListItem\",\"position\":2,\"name\":\"Formation Neige et Avalanche\"}]},{\"@type\":\"WebSite\",\"@id\":\"https:\/\/cd06ffme.fr\/WordPress3\/#website\",\"url\":\"https:\/\/cd06ffme.fr\/WordPress3\/\",\"name\":\"F\u00e9d\u00e9ration Fran\u00e7aise Montagne Escalade 06\",\"description\":\"\",\"publisher\":{\"@id\":\"https:\/\/cd06ffme.fr\/WordPress3\/#organization\"},\"potentialAction\":[{\"@type\":\"SearchAction\",\"target\":{\"@type\":\"EntryPoint\",\"urlTemplate\":\"https:\/\/cd06ffme.fr\/WordPress3\/?s={search_term_string}\"},\"query-input\":\"required name=search_term_string\"}],\"inLanguage\":\"fr-FR\"},{\"@type\":\"Organization\",\"@id\":\"https:\/\/cd06ffme.fr\/WordPress3\/#organization\",\"name\":\"Comit\u00e9 Territorial des Alpes Maritimes F\u00e9d\u00e9ration Fran\u00e7aise de Montagne et d'Escalade\",\"url\":\"https:\/\/cd06ffme.fr\/WordPress3\/\",\"logo\":{\"@type\":\"ImageObject\",\"inLanguage\":\"fr-FR\",\"@id\":\"https:\/\/cd06ffme.fr\/WordPress3\/#\/schema\/logo\/image\/\",\"url\":\"https:\/\/i0.wp.com\/cd06ffme.fr\/WordPress3\/wp-content\/uploads\/2020\/12\/cropped-FFME_LOGO_INSTIT_SECONDAIRE_FOND_CLAIR_CMJN-2-1.png?fit=1705%2C547\",\"contentUrl\":\"https:\/\/i0.wp.com\/cd06ffme.fr\/WordPress3\/wp-content\/uploads\/2020\/12\/cropped-FFME_LOGO_INSTIT_SECONDAIRE_FOND_CLAIR_CMJN-2-1.png?fit=1705%2C547\",\"width\":1705,\"height\":547,\"caption\":\"Comit\u00e9 Territorial des Alpes Maritimes F\u00e9d\u00e9ration Fran\u00e7aise de Montagne et d'Escalade\"},\"image\":{\"@id\":\"https:\/\/cd06ffme.fr\/WordPress3\/#\/schema\/logo\/image\/\"},\"sameAs\":[\"https:\/\/www.facebook.com\/CT06FFME\",\"https:\/\/www.instagram.com\/ct06_ffme_montagne_escalade\/\",\"https:\/\/www.youtube.com\/channel\/UCOfq1FRfAZlbV6N7LCCd-lg\"]},{\"@type\":\"Person\",\"@id\":\"https:\/\/cd06ffme.fr\/WordPress3\/#\/schema\/person\/d43605ef0d5681c1b27a4ba1fede1cf4\",\"name\":\"admin\",\"image\":{\"@type\":\"ImageObject\",\"inLanguage\":\"fr-FR\",\"@id\":\"https:\/\/cd06ffme.fr\/WordPress3\/#\/schema\/person\/image\/\",\"url\":\"http:\/\/0.gravatar.com\/avatar\/3cba1244ffff88a12daaa69e86a1884e?s=96&d=wavatar&r=g\",\"contentUrl\":\"http:\/\/0.gravatar.com\/avatar\/3cba1244ffff88a12daaa69e86a1884e?s=96&d=wavatar&r=g\",\"caption\":\"admin\"},\"url\":\"http:\/\/cd06ffme.fr\/WordPress3\/author\/admin\/\"}]}<\/script>\n<!-- \/ Yoast SEO plugin. -->","yoast_head_json":{"title":"Formation Neige et Avalanche | F\u00e9d\u00e9ration Fran\u00e7aise Montagne Escalade","robots":{"index":"index","follow":"follow","max-snippet":"max-snippet:-1","max-image-preview":"max-image-preview:large","max-video-preview":"max-video-preview:-1"},"canonical":"http:\/\/cd06ffme.fr\/WordPress3\/formation-neige-et-avalanche\/","og_locale":"fr_FR","og_type":"article","og_title":"Formation Neige et Avalanche | F\u00e9d\u00e9ration Fran\u00e7aise Montagne Escalade","og_description":"Bonjour Comme annonc\u00e9 \u00e0 une majorit\u00e9 des pratiquants durant cette p\u00e9riode hivernale, le CDJ Rando 06 organise une formation sur la connaissance de la neige et de risque d\u2019avalanche et, [&hellip;]","og_url":"http:\/\/cd06ffme.fr\/WordPress3\/formation-neige-et-avalanche\/","og_site_name":"F\u00e9d\u00e9ration Fran\u00e7aise Montagne Escalade","article_publisher":"https:\/\/www.facebook.com\/CT06FFME","article_published_time":"2013-04-07T04:57:24+00:00","article_modified_time":"2013-04-07T05:02:34+00:00","og_image":[{"url":"http:\/\/cd06ffme.fr\/WordPress3\/wp-content\/uploads\/2012\/01\/ARVA09_Colmiane5.jpg"}],"author":"admin","twitter_card":"summary_large_image","twitter_misc":{"\u00c9crit par":"admin","Dur\u00e9e de lecture estim\u00e9e":"2 minutes"},"schema":{"@context":"https:\/\/schema.org","@graph":[{"@type":"Article","@id":"http:\/\/cd06ffme.fr\/WordPress3\/formation-neige-et-avalanche\/#article","isPartOf":{"@id":"http:\/\/cd06ffme.fr\/WordPress3\/formation-neige-et-avalanche\/"},"author":{"name":"admin","@id":"https:\/\/cd06ffme.fr\/WordPress3\/#\/schema\/person\/d43605ef0d5681c1b27a4ba1fede1cf4"},"headline":"Formation Neige et Avalanche","datePublished":"2013-04-07T04:57:24+00:00","dateModified":"2013-04-07T05:02:34+00:00","mainEntityOfPage":{"@id":"http:\/\/cd06ffme.fr\/WordPress3\/formation-neige-et-avalanche\/"},"wordCount":343,"publisher":{"@id":"https:\/\/cd06ffme.fr\/WordPress3\/#organization"},"keywords":["Clubs 06","Comit\u00e9 R\u00e9gional Cote d'Azur","DVA","FFME","Formation"],"articleSection":["Alpinisme","Club FFME"],"inLanguage":"fr-FR"},{"@type":"WebPage","@id":"http:\/\/cd06ffme.fr\/WordPress3\/formation-neige-et-avalanche\/","url":"http:\/\/cd06ffme.fr\/WordPress3\/formation-neige-et-avalanche\/","name":"Formation Neige et Avalanche | F\u00e9d\u00e9ration Fran\u00e7aise Montagne Escalade","isPartOf":{"@id":"https:\/\/cd06ffme.fr\/WordPress3\/#website"},"datePublished":"2013-04-07T04:57:24+00:00","dateModified":"2013-04-07T05:02:34+00:00","breadcrumb":{"@id":"http:\/\/cd06ffme.fr\/WordPress3\/formation-neige-et-avalanche\/#breadcrumb"},"inLanguage":"fr-FR","potentialAction":[{"@type":"ReadAction","target":["http:\/\/cd06ffme.fr\/WordPress3\/formation-neige-et-avalanche\/"]}]},{"@type":"BreadcrumbList","@id":"http:\/\/cd06ffme.fr\/WordPress3\/formation-neige-et-avalanche\/#breadcrumb","itemListElement":[{"@type":"ListItem","position":1,"name":"Accueil","item":"http:\/\/cd06ffme.fr\/WordPress3\/"},{"@type":"ListItem","position":2,"name":"Formation Neige et Avalanche"}]},{"@type":"WebSite","@id":"https:\/\/cd06ffme.fr\/WordPress3\/#website","url":"https:\/\/cd06ffme.fr\/WordPress3\/","name":"F\u00e9d\u00e9ration Fran\u00e7aise Montagne Escalade 06","description":"","publisher":{"@id":"https:\/\/cd06ffme.fr\/WordPress3\/#organization"},"potentialAction":[{"@type":"SearchAction","target":{"@type":"EntryPoint","urlTemplate":"https:\/\/cd06ffme.fr\/WordPress3\/?s={search_term_string}"},"query-input":"required name=search_term_string"}],"inLanguage":"fr-FR"},{"@type":"Organization","@id":"https:\/\/cd06ffme.fr\/WordPress3\/#organization","name":"Comit\u00e9 Territorial des Alpes Maritimes F\u00e9d\u00e9ration Fran\u00e7aise de Montagne et d'Escalade","url":"https:\/\/cd06ffme.fr\/WordPress3\/","logo":{"@type":"ImageObject","inLanguage":"fr-FR","@id":"https:\/\/cd06ffme.fr\/WordPress3\/#\/schema\/logo\/image\/","url":"https:\/\/i0.wp.com\/cd06ffme.fr\/WordPress3\/wp-content\/uploads\/2020\/12\/cropped-FFME_LOGO_INSTIT_SECONDAIRE_FOND_CLAIR_CMJN-2-1.png?fit=1705%2C547","contentUrl":"https:\/\/i0.wp.com\/cd06ffme.fr\/WordPress3\/wp-content\/uploads\/2020\/12\/cropped-FFME_LOGO_INSTIT_SECONDAIRE_FOND_CLAIR_CMJN-2-1.png?fit=1705%2C547","width":1705,"height":547,"caption":"Comit\u00e9 Territorial des Alpes Maritimes F\u00e9d\u00e9ration Fran\u00e7aise de Montagne et d'Escalade"},"image":{"@id":"https:\/\/cd06ffme.fr\/WordPress3\/#\/schema\/logo\/image\/"},"sameAs":["https:\/\/www.facebook.com\/CT06FFME","https:\/\/www.instagram.com\/ct06_ffme_montagne_escalade\/","https:\/\/www.youtube.com\/channel\/UCOfq1FRfAZlbV6N7LCCd-lg"]},{"@type":"Person","@id":"https:\/\/cd06ffme.fr\/WordPress3\/#\/schema\/person\/d43605ef0d5681c1b27a4ba1fede1cf4","name":"admin","image":{"@type":"ImageObject","inLanguage":"fr-FR","@id":"https:\/\/cd06ffme.fr\/WordPress3\/#\/schema\/person\/image\/","url":"http:\/\/0.gravatar.com\/avatar\/3cba1244ffff88a12daaa69e86a1884e?s=96&d=wavatar&r=g","contentUrl":"http:\/\/0.gravatar.com\/avatar\/3cba1244ffff88a12daaa69e86a1884e?s=96&d=wavatar&r=g","caption":"admin"},"url":"http:\/\/cd06ffme.fr\/WordPress3\/author\/admin\/"}]}},"jetpack_featured_media_url":"","jetpack_sharing_enabled":true,"jetpack_shortlink":"https:\/\/wp.me\/p2LN8m-iz","_links":{"self":[{"href":"http:\/\/cd06ffme.fr\/WordPress3\/wp-json\/wp\/v2\/posts\/1151"}],"collection":[{"href":"http:\/\/cd06ffme.fr\/WordPress3\/wp-json\/wp\/v2\/posts"}],"about":[{"href":"http:\/\/cd06ffme.fr\/WordPress3\/wp-json\/wp\/v2\/types\/post"}],"author":[{"embeddable":true,"href":"http:\/\/cd06ffme.fr\/WordPress3\/wp-json\/wp\/v2\/users\/1"}],"replies":[{"embeddable":true,"href":"http:\/\/cd06ffme.fr\/WordPress3\/wp-json\/wp\/v2\/comments?post=1151"}],"version-history":[{"count":3,"href":"http:\/\/cd06ffme.fr\/WordPress3\/wp-json\/wp\/v2\/posts\/1151\/revisions"}],"predecessor-version":[{"id":1153,"href":"http:\/\/cd06ffme.fr\/WordPress3\/wp-json\/wp\/v2\/posts\/1151\/revisions\/1153"}],"wp:attachment":[{"href":"http:\/\/cd06ffme.fr\/WordPress3\/wp-json\/wp\/v2\/media?parent=1151"}],"wp:term":[{"taxonomy":"category","embeddable":true,"href":"http:\/\/cd06ffme.fr\/WordPress3\/wp-json\/wp\/v2\/categories?post=1151"},{"taxonomy":"post_tag","embeddable":true,"href":"http:\/\/cd06ffme.fr\/WordPress3\/wp-json\/wp\/v2\/tags?post=1151"}],"curies":[{"name":"wp","href":"https:\/\/api.w.org\/{rel}","templated":true}]}}